{"id":16012,"date":"2024-10-03T11:18:56","date_gmt":"2024-10-03T14:18:56","guid":{"rendered":"https:\/\/www.visionweb.com.ar\/?p=16012"},"modified":"2024-10-03T11:18:56","modified_gmt":"2024-10-03T14:18:56","slug":"diputados-pidieron-sesionar-para-anular-el-veto-de-javier-milei-al-financiamiento-universitario","status":"publish","type":"post","link":"https:\/\/www.visionweb.com.ar\/?p=16012","title":{"rendered":"Diputados pidieron sesionar para anular el veto de Javier Milei al financiamiento universitario"},"content":{"rendered":"<p><strong><em>A horas de la marcha al Congreso, el Presidente firm\u00f3 el DNU 879\/2024. El radicalismo y el peronismo pidieron sesi\u00f3n especial para anularlo. Es la segunda vez, hasta ahora, que el PEN hace uso de esa facultad, tras la desestimaci\u00f3n de la recomposici\u00f3n de las jubilaciones.<\/em><\/strong><!--more--><\/p>\n<p><strong><img loading=\"lazy\" decoding=\"async\" class=\"size-medium wp-image-13216 alignright\" src=\"https:\/\/www.visionweb.com.ar\/wp-content\/uploads\/2024\/01\/Milei-Javier-300x206.png\" alt=\"\" width=\"300\" height=\"206\" srcset=\"https:\/\/www.visionweb.com.ar\/wp-content\/uploads\/2024\/01\/Milei-Javier-300x206.png 300w, https:\/\/www.visionweb.com.ar\/wp-content\/uploads\/2024\/01\/Milei-Javier.png 502w\" sizes=\"auto, (max-width: 300px) 100vw, 300px\" \/>\u00a0\u00a0\u00a0 E<\/strong>l presidente\u00a0<strong>Javier Milei<\/strong>\u00a0vet\u00f3 la\u00a0<strong>ley de financiamiento universitario<\/strong>\u00a0a horas de la masiva marcha que tuvo su epicentro en el Congreso Nacional. Ahora, la oposici\u00f3n en Diputados pidi\u00f3 una sesi\u00f3n especial para anular el veto.<\/p>\n<p><strong>Tras la publicaci\u00f3n en el Bolet\u00edn Oficial del decreto 879\/2024<\/strong>, en el que se afirma, entre otros puntos, que\u00a0<strong>\u201cel proyecto de ley es manifiestamente violatorio del marco jur\u00eddico vigente, en tanto no contempla el impacto fiscal de la medida ni tampoco determina la fuente de su financiamiento\u201d<\/strong>, diputados quieren bloquearlo.<\/p>\n<p>Este es el segundo rechazo del Ejecutivo a una ley aprobada por el Congreso, luego de que se desestimara la recomposici\u00f3n de las jubilaciones.<\/p>\n<p>La ley de financiamiento de las universidades\u00a0<strong>hab\u00eda sido aprobada por la C\u00e1mara alta el 12 de septiembre<\/strong>\u00a0con apoyo de senadores kirchneristas, de la UCR, los bloques federales y los senadores del PRO Luis Juez y Guadalupe Tagliaferri. Los libertarios votaron en contra con el acompa\u00f1amiento de tres macristas.<\/p>\n<p>La ley sancionada por el Congreso el mes pasado establece una\u00a0<strong>actualizaci\u00f3n del presupuesto basada en la inflaci\u00f3n<\/strong>, medida por el INDEC, y\u00a0<strong>una indexaci\u00f3n bimestral<\/strong>\u00a0usando un coeficiente que combine un 50% de variaci\u00f3n del \u00cdndice de Precios al Consumidor (IPC), 25% de la variaci\u00f3n del d\u00f3lar y otro 25% de las tarifas de servicios p\u00fablicos.<\/p>\n<p>Adem\u00e1s, se propone una recomposici\u00f3n salarial para docentes y no docentes con base en el IPC, pero\u00a0<strong>de manera subsidiaria a la paritaria colectiva<\/strong>.\u00a0<strong>Para este a\u00f1o, la ley tiene un impacto fiscal de $ 738.595 millones, equivalente al 0,14% del PBI<\/strong>, de acuerdo con un informe de la Oficina de Presupuesto del Congreso.<\/p>\n<p>Esa cifra seg\u00fan afirma el texto del DNU 879\/2024, \u201c<strong>dificultar\u00eda gravemente la sostenibilidad de las finanzas p\u00fablicas de la Rep\u00fablica Argentina<\/strong>, ya que significar\u00eda la necesidad de obtener una fuente de financiamiento extraordinaria, imprevista, a efectos de afrontar su costo\u201d.<\/p>\n<p>El decreto comienza diciendo que \u201cel proyecto de ley sancionado por el Honorable Congreso de la Naci\u00f3n es manifiestamente violatorio del marco jur\u00eddico vigente, en tanto\u00a0<strong>no contempla el impacto fiscal de la medida ni tampoco determina la fuente de su financiamiento<\/strong>\u201d.<\/p>\n<p>Se expresa adem\u00e1s que \u201cel presupuesto en ejecuci\u00f3n de la Secretar\u00eda de Educaci\u00f3n dependiente del Ministerio de Capital Humano no incluye los cr\u00e9ditos necesarios para atender el gasto asociado al proyecto de ley sancionado, motivo por el que\u00a0<strong>su implementaci\u00f3n demandar\u00eda aportes adicionales del Tesoro Nacional<\/strong>\u201d.<\/p>\n<p>Ese incremento rondar\u00eda los\u00a0<strong>$ 250 mil millones de pesos<\/strong>\u00a0\u201cen las partidas de las actividades 14, 15, 16 y 25 del Programa 26 \u2018Desarrollo de la Educaci\u00f3n Superior\u2019 del Servicio 330 \u2018Secretar\u00eda de Educaci\u00f3n&#8217;\u201d. Ello, \u201csin perjuicio del impacto de la actualizaci\u00f3n que pudiera corresponder por el per\u00edodo septiembre \u2013 diciembre del actual ejercicio\u201d, aclar\u00f3 la normativa, que luego remarc\u00f3 que \u201cla eventual aplicaci\u00f3n de las prescripciones del referido proyecto de ley implicar\u00eda un gasto adicional de aproximadamente\u00a0<strong>$ 811.569.000.000<\/strong>\u201c.<\/p>\n<p><img loading=\"lazy\" decoding=\"async\" class=\"size-medium wp-image-16013 alignleft\" src=\"https:\/\/www.visionweb.com.ar\/wp-content\/uploads\/2024\/10\/universitarios-300x175.png\" alt=\"\" width=\"300\" height=\"175\" srcset=\"https:\/\/www.visionweb.com.ar\/wp-content\/uploads\/2024\/10\/universitarios-300x175.png 300w, https:\/\/www.visionweb.com.ar\/wp-content\/uploads\/2024\/10\/universitarios.png 562w\" sizes=\"auto, (max-width: 300px) 100vw, 300px\" \/>El otro punto de discusi\u00f3n es el <strong>aumento de los salarios docentes<\/strong> por encima del resto del personal de la administraci\u00f3n p\u00fablica: \u201c<strong>La medida sancionada establecer\u00eda un privilegio para el personal de las Universidades Nacionales (87% de incremento entre diciembre 2023 y agosto 2024) respecto del resto del personal de la Administraci\u00f3n P\u00fablica Nacional (78% en el mismo per\u00edodo)<\/strong>, por lo que los incrementos salariales deben tener lugar a trav\u00e9s de la negociaci\u00f3n colectiva de trabajo\u201d.<\/p>\n<p>As\u00ed, el punto \u201cevidencia una incongruencia respecto a la normativa sustantiva inherente a la negociaci\u00f3n colectiva de trabajo y a la gesti\u00f3n de la Administraci\u00f3n Financiera P\u00fablica\u201d.<\/p>\n<p>De esa manera, afirma el decreto 879, \u201c<strong>dar cumplimiento a la medida sancionada por el Honorable Congreso de la Naci\u00f3n dificultar\u00eda gravemente la sostenibilidad de las finanzas p\u00fablicas de la Rep\u00fablica Argentina<\/strong>, ya que significar\u00eda la necesidad de obtener una fuente de financiamiento extraordinaria, imprevista, a efectos de afrontar su costo\u201d.<\/p>\n<p>Y por ello, \u201c<strong>a los fines de que el pa\u00eds contin\u00fae en la senda de la estabilidad y del crecimiento, corresponde que el Poder Ejecutivo Nacional recurra a la herramienta constitucional del veto<\/strong>\u00a0total de la iniciativa legislativa que le ha sido remitida\u201d. <strong>(VW)<\/strong><\/p>\n","protected":false},"excerpt":{"rendered":"<p>A horas de la marcha al Congreso, el Presidente firm\u00f3 el DNU 879\/2024. El radicalismo y el peronismo pidieron sesi\u00f3n especial para anularlo. Es la segunda vez, hasta ahora, que el PEN hace uso&#46;&#46;&#46;<\/p>\n","protected":false},"author":4,"featured_media":13216,"comment_status":"closed","ping_status":"closed","sticky":false,"template":"","format":"standard","meta":{"_monsterinsights_skip_tracking":false,"_monsterinsights_sitenote_active":false,"_monsterinsights_sitenote_note":"","_monsterinsights_sitenote_category":0,"footnotes":""},"categories":[4],"tags":[6789,4530,6788],"class_list":["post-16012","post","type-post","status-publish","format-standard","has-post-thumbnail","hentry","category-politica","tag-diputados-anular-veto","tag-milei","tag-veto-al-financiemiento-universitario"],"_links":{"self":[{"href":"https:\/\/www.visionweb.com.ar\/index.php?rest_route=\/wp\/v2\/posts\/16012","targetHints":{"allow":["GET"]}}],"collection":[{"href":"https:\/\/www.visionweb.com.ar\/index.php?rest_route=\/wp\/v2\/posts"}],"about":[{"href":"https:\/\/www.visionweb.com.ar\/index.php?rest_route=\/wp\/v2\/types\/post"}],"author":[{"embeddable":true,"href":"https:\/\/www.visionweb.com.ar\/index.php?rest_route=\/wp\/v2\/users\/4"}],"replies":[{"embeddable":true,"href":"https:\/\/www.visionweb.com.ar\/index.php?rest_route=%2Fwp%2Fv2%2Fcomments&post=16012"}],"version-history":[{"count":1,"href":"https:\/\/www.visionweb.com.ar\/index.php?rest_route=\/wp\/v2\/posts\/16012\/revisions"}],"predecessor-version":[{"id":16014,"href":"https:\/\/www.visionweb.com.ar\/index.php?rest_route=\/wp\/v2\/posts\/16012\/revisions\/16014"}],"wp:featuredmedia":[{"embeddable":true,"href":"https:\/\/www.visionweb.com.ar\/index.php?rest_route=\/wp\/v2\/media\/13216"}],"wp:attachment":[{"href":"https:\/\/www.visionweb.com.ar\/index.php?rest_route=%2Fwp%2Fv2%2Fmedia&parent=16012"}],"wp:term":[{"taxonomy":"category","embeddable":true,"href":"https:\/\/www.visionweb.com.ar\/index.php?rest_route=%2Fwp%2Fv2%2Fcategories&post=16012"},{"taxonomy":"post_tag","embeddable":true,"href":"https:\/\/www.visionweb.com.ar\/index.php?rest_route=%2Fwp%2Fv2%2Ftags&post=16012"}],"curies":[{"name":"wp","href":"https:\/\/api.w.org\/{rel}","templated":true}]}}