{"id":16009,"date":"2024-10-03T08:32:33","date_gmt":"2024-10-03T11:32:33","guid":{"rendered":"https:\/\/www.visionweb.com.ar\/?p=16009"},"modified":"2024-10-03T08:32:33","modified_gmt":"2024-10-03T11:32:33","slug":"apagon-masivo-en-amba-y-sur-de-caba","status":"publish","type":"post","link":"https:\/\/www.visionweb.com.ar\/?p=16009","title":{"rendered":"Apag\u00f3n masivo en AMBA y sur de CABA"},"content":{"rendered":"<p>Por el apagon\u00a0 <strong>\u201ccayeron m\u00e1s de 400 MW, un quinto de la demanda el\u00e9ctrica al momento\u201d, indicaron fuentes de Edesur .<\/strong><!--more--><\/p>\n<p><img loading=\"lazy\" decoding=\"async\" class=\"size-medium wp-image-12862 alignright\" src=\"https:\/\/www.visionweb.com.ar\/wp-content\/uploads\/2023\/12\/energia-electrica-300x200.png\" alt=\"\" width=\"300\" height=\"200\" srcset=\"https:\/\/www.visionweb.com.ar\/wp-content\/uploads\/2023\/12\/energia-electrica-300x200.png 300w, https:\/\/www.visionweb.com.ar\/wp-content\/uploads\/2023\/12\/energia-electrica.png 560w\" sizes=\"auto, (max-width: 300px) 100vw, 300px\" \/>Un apag\u00f3n masivo se produjo en la ma\u00f1ana este jueves que abarco a varios barrios de la ciudad de Buenos Aires y de los municipios de Lan\u00fas, Avellaneda, Quilmes y Lomas de Zamora.<\/p>\n<p>El apag\u00f3n afect\u00f3 tambi\u00e9n al suministro de agua en el sur del\u00a0 gran Buenos Aires y desde la empresa AYSA indicaron que el \u00absuministro de agua permanecer\u00e1 interrumpido hasta horas del medio d\u00eda.<\/p>\n<p>En tanto, el corte masivo de energ\u00eda el\u00e9ctrica afect\u00f3 tambi\u00e9n la provisi\u00f3n del servicio a las l\u00edneas de subterr\u00e1neo, que minutos antes de las 8 lograron restablecer el servicio de trenes.<\/p>\n<p>\u201cEmova informa que el servicio funciona con normalidad en todas las l\u00edneas de Subte y Premetro. Este jueves a las 7.15 h aproximadamente se registr\u00f3 un corte de tensi\u00f3n ajeno a la empresa por lo que el servicio se vio brevemente interrumpido. A las 7.30 se repuso la energ\u00eda y la situaci\u00f3n se vio normalizada\u201d, detallaron desde la empresa.<\/p>\n<p>Respecto de las causas del apag\u00f3n,l en un principio se atribuy\u00f3 a una explosi\u00f3n producida en las refiner\u00edas de Shell, en Dock Sud, pero minutos m\u00e1s tarde trascendi\u00f3 que la causa del corte masivo de energ\u00eda electrica fue consecuencia del incendio de un transformador en esa zona,(VW)<\/p>\n","protected":false},"excerpt":{"rendered":"<p>Por el apagon\u00a0 \u201ccayeron m\u00e1s de 400 MW, un quinto de la demanda el\u00e9ctrica al momento\u201d, indicaron fuentes de Edesur .<\/p>\n","protected":false},"author":3,"featured_media":12862,"comment_status":"closed","ping_status":"closed","sticky":false,"template":"","format":"standard","meta":{"_monsterinsights_skip_tracking":false,"_monsterinsights_sitenote_active":false,"_monsterinsights_sitenote_note":"","_monsterinsights_sitenote_category":0,"footnotes":""},"categories":[8],"tags":[2859,277,195,6787],"class_list":["post-16009","post","type-post","status-publish","format-standard","has-post-thumbnail","hentry","category-interes-general","tag-agua","tag-cortes","tag-energia","tag-generalizado"],"_links":{"self":[{"href":"https:\/\/www.visionweb.com.ar\/index.php?rest_route=\/wp\/v2\/posts\/16009","targetHints":{"allow":["GET"]}}],"collection":[{"href":"https:\/\/www.visionweb.com.ar\/index.php?rest_route=\/wp\/v2\/posts"}],"about":[{"href":"https:\/\/www.visionweb.com.ar\/index.php?rest_route=\/wp\/v2\/types\/post"}],"author":[{"embeddable":true,"href":"https:\/\/www.visionweb.com.ar\/index.php?rest_route=\/wp\/v2\/users\/3"}],"replies":[{"embeddable":true,"href":"https:\/\/www.visionweb.com.ar\/index.php?rest_route=%2Fwp%2Fv2%2Fcomments&post=16009"}],"version-history":[{"count":1,"href":"https:\/\/www.visionweb.com.ar\/index.php?rest_route=\/wp\/v2\/posts\/16009\/revisions"}],"predecessor-version":[{"id":16010,"href":"https:\/\/www.visionweb.com.ar\/index.php?rest_route=\/wp\/v2\/posts\/16009\/revisions\/16010"}],"wp:featuredmedia":[{"embeddable":true,"href":"https:\/\/www.visionweb.com.ar\/index.php?rest_route=\/wp\/v2\/media\/12862"}],"wp:attachment":[{"href":"https:\/\/www.visionweb.com.ar\/index.php?rest_route=%2Fwp%2Fv2%2Fmedia&parent=16009"}],"wp:term":[{"taxonomy":"category","embeddable":true,"href":"https:\/\/www.visionweb.com.ar\/index.php?rest_route=%2Fwp%2Fv2%2Fcategories&post=16009"},{"taxonomy":"post_tag","embeddable":true,"href":"https:\/\/www.visionweb.com.ar\/index.php?rest_route=%2Fwp%2Fv2%2Ftags&post=16009"}],"curies":[{"name":"wp","href":"https:\/\/api.w.org\/{rel}","templated":true}]}}