{"id":16000,"date":"2024-10-02T15:41:38","date_gmt":"2024-10-02T18:41:38","guid":{"rendered":"https:\/\/www.visionweb.com.ar\/?p=16000"},"modified":"2024-10-02T15:41:38","modified_gmt":"2024-10-02T18:41:38","slug":"lanus-80-anos-nuevo-anfiteatro-municipal-en-el-parque-eva-peron","status":"publish","type":"post","link":"https:\/\/www.visionweb.com.ar\/?p=16000","title":{"rendered":"Lan\u00fas 80 a\u00f1os: Nuevo anfiteatro municipal en el Parque Eva Per\u00f3n"},"content":{"rendered":"<p><em><strong>Ya est\u00e1 abierto el anfiteatro municipal en el Parque Eva Per\u00f3n, una propuesta cultural y recreativa que compone \u201cUniverso Lan\u00fas\u201d. La celebraci\u00f3n por el 80 aniversario de la ciudad se extender\u00e1 hasta el domingo 6 de octubre, con entrada libre y gratuita.<\/strong><\/em><!--more--><\/p>\n<p><strong>\u00a0\u00a0\u00a0 <img loading=\"lazy\" decoding=\"async\" class=\"size-medium wp-image-16001 alignright\" src=\"https:\/\/www.visionweb.com.ar\/wp-content\/uploads\/2024\/10\/Lanus-velodromo-80-300x242.jpg\" alt=\"\" width=\"300\" height=\"242\" srcset=\"https:\/\/www.visionweb.com.ar\/wp-content\/uploads\/2024\/10\/Lanus-velodromo-80-300x242.jpg 300w, https:\/\/www.visionweb.com.ar\/wp-content\/uploads\/2024\/10\/Lanus-velodromo-80.jpg 547w\" sizes=\"auto, (max-width: 300px) 100vw, 300px\" \/> Lan\u00fas Gobierno<\/strong> inaugur\u00f3 el <strong>anfiteatro municipal<\/strong>, ubicado en el <strong>Parque Eva Per\u00f3n<\/strong>, para que los vecinos y vecinas lo puedan disfrutar en los festejos de los 80 a\u00f1os de autonom\u00eda del partido.<\/p>\n<p>La creaci\u00f3n del anfiteatro municipal forma parte de una de las tantas obras realizadas \u00edntegramente con recursos municipales, luego de que el Gobierno Nacional suspendiera los financiamientos, inform\u00f3 Prensa de Lan\u00fas.<\/p>\n<p>Dentro del anfiteatro municipal funciona <strong>\u201cNuestro Vibrar\u201d,<\/strong> una de las 8 naves que componen Universo Lan\u00fas, la propuesta cultural y recreativa que celebra el <strong>80\u00b0 aniversario de la ciudad de Lan\u00fas<\/strong>. Dicho espacio est\u00e1 destinado a la presentaci\u00f3n de bandas en vivo.<\/p>\n<p>Para conocer m\u00e1s sobre <strong>Universo Lan\u00fas y la historia de nuestra ciudad<\/strong> \u00a0ir al siguiente link:\u00a0<a href=\"http:\/\/www.lanus.gob.ar\/80aniversario\">www.lanus.gob.ar\/80aniversario<\/a>.<\/p>\n<p>Dentro de los trabajos realizados, se construy\u00f3 una nueva entrada al predio, sobre la Av. 29 de Septiembre, se colocaron luminarias, se realiz\u00f3 la nivelaci\u00f3n del suelo con tierra f\u00e9rtil en todo el per\u00edmetro, se instalaron panes de grama en el anfiteatro y sus alrededores, se repararon los senderos y se efectuaron tareas de pintura en los postes, entre otras tareas. Link al video:\u00a0<a href=\"https:\/\/we.tl\/t-6qGr4tB2D7\">https:\/\/we.tl\/t-6qGr4tB2D7<\/a><\/p>\n<p><strong>Universo Lan\u00fas<\/strong> se inaugur\u00f3 el s\u00e1bado 28 de septiembre en el Parque Municipal Eva Per\u00f3n, con la participaci\u00f3n de m\u00e1s de 20 mil vecinos y vecinas. El \u00faltimo domingo, en el segundo d\u00eda, concurrieron m\u00e1s de 15 mil personas. La celebraci\u00f3n <strong>se extender\u00e1 hasta el domingo 6 de octubre<\/strong> a las 22 horas. El espacio est\u00e1 abierto a toda la comunidad con <strong>entrada libre gratuita a Purita y Salta, Remedios de Escalada<\/strong>. <strong>(VW)<\/strong><\/p>\n","protected":false},"excerpt":{"rendered":"<p>Ya est\u00e1 abierto el anfiteatro municipal en el Parque Eva Per\u00f3n, una propuesta cultural y recreativa que compone \u201cUniverso Lan\u00fas\u201d. La celebraci\u00f3n por el 80 aniversario de la ciudad se extender\u00e1 hasta el domingo&#46;&#46;&#46;<\/p>\n","protected":false},"author":4,"featured_media":16001,"comment_status":"closed","ping_status":"closed","sticky":false,"template":"","format":"standard","meta":{"_monsterinsights_skip_tracking":false,"_monsterinsights_sitenote_active":false,"_monsterinsights_sitenote_note":"","_monsterinsights_sitenote_category":0,"footnotes":""},"categories":[8],"tags":[6783,2003,4818,1444],"class_list":["post-16000","post","type-post","status-publish","format-standard","has-post-thumbnail","hentry","category-interes-general","tag-80-aniversario-lanus","tag-anfiteatro","tag-celebraciones","tag-parque-eva-peron"],"_links":{"self":[{"href":"https:\/\/www.visionweb.com.ar\/index.php?rest_route=\/wp\/v2\/posts\/16000","targetHints":{"allow":["GET"]}}],"collection":[{"href":"https:\/\/www.visionweb.com.ar\/index.php?rest_route=\/wp\/v2\/posts"}],"about":[{"href":"https:\/\/www.visionweb.com.ar\/index.php?rest_route=\/wp\/v2\/types\/post"}],"author":[{"embeddable":true,"href":"https:\/\/www.visionweb.com.ar\/index.php?rest_route=\/wp\/v2\/users\/4"}],"replies":[{"embeddable":true,"href":"https:\/\/www.visionweb.com.ar\/index.php?rest_route=%2Fwp%2Fv2%2Fcomments&post=16000"}],"version-history":[{"count":1,"href":"https:\/\/www.visionweb.com.ar\/index.php?rest_route=\/wp\/v2\/posts\/16000\/revisions"}],"predecessor-version":[{"id":16002,"href":"https:\/\/www.visionweb.com.ar\/index.php?rest_route=\/wp\/v2\/posts\/16000\/revisions\/16002"}],"wp:featuredmedia":[{"embeddable":true,"href":"https:\/\/www.visionweb.com.ar\/index.php?rest_route=\/wp\/v2\/media\/16001"}],"wp:attachment":[{"href":"https:\/\/www.visionweb.com.ar\/index.php?rest_route=%2Fwp%2Fv2%2Fmedia&parent=16000"}],"wp:term":[{"taxonomy":"category","embeddable":true,"href":"https:\/\/www.visionweb.com.ar\/index.php?rest_route=%2Fwp%2Fv2%2Fcategories&post=16000"},{"taxonomy":"post_tag","embeddable":true,"href":"https:\/\/www.visionweb.com.ar\/index.php?rest_route=%2Fwp%2Fv2%2Ftags&post=16000"}],"curies":[{"name":"wp","href":"https:\/\/api.w.org\/{rel}","templated":true}]}}