{"id":15997,"date":"2024-10-02T13:16:43","date_gmt":"2024-10-02T16:16:43","guid":{"rendered":"https:\/\/www.visionweb.com.ar\/?p=15997"},"modified":"2024-10-02T13:17:31","modified_gmt":"2024-10-02T16:17:31","slug":"se-realizo-la-primera-edicion-de-activando-juventudes-en-la-legislatura-bonaerense","status":"publish","type":"post","link":"https:\/\/www.visionweb.com.ar\/?p=15997","title":{"rendered":"Se realiz\u00f3 la primera edici\u00f3n de Activando Juventudes en la legislatura bonaerense"},"content":{"rendered":"<p><strong><em>En el marco del mes de las juventudes y en conmemoraci\u00f3n del 48\u00b0 aniversario de la Noche de los L\u00e1pices, la C\u00e1mara de Diputados bonaerense, en conjunto con el Instituto Cultural de la Provincia, abri\u00f3 sus puertas a los j\u00f3venes.<\/em><\/strong><!--more--><\/p>\n<p><img loading=\"lazy\" decoding=\"async\" class=\"size-medium wp-image-15998 alignright\" src=\"https:\/\/www.visionweb.com.ar\/wp-content\/uploads\/2024\/10\/ACTIVIDADES-EN-LA-LEGISLATURA-300x200.png\" alt=\"\" width=\"300\" height=\"200\" srcset=\"https:\/\/www.visionweb.com.ar\/wp-content\/uploads\/2024\/10\/ACTIVIDADES-EN-LA-LEGISLATURA-300x200.png 300w, https:\/\/www.visionweb.com.ar\/wp-content\/uploads\/2024\/10\/ACTIVIDADES-EN-LA-LEGISLATURA.png 640w\" sizes=\"auto, (max-width: 300px) 100vw, 300px\" \/>El encuentro se desarroll\u00f3 en el Palacio Legislativo, con la participaci\u00f3n de\u00a0 j\u00f3venes bonaerenses en una jornada cargada de actividades interactivas y culturales.<\/p>\n<p>Durante esta actividad, las y los j\u00f3venes pudieron disfrutar de muestras fotogr\u00e1ficas, pintura en vivo, freestyle, comics, m\u00fasica en vivo con DJ, adem\u00e1s de entrevistas con referentes culturales y visitas guiadas por el recinto. Asimismo, la jornada cont\u00f3 con un streaming en vivo, que permiti\u00f3 que el evento fuera seguido desde diferentes puntos de la provincia.<\/p>\n<p>\u00abActivando Juventudes\u00bb tiene como objetivo principal fomentar la participaci\u00f3n de las juventudes en espacios legislativos y de debate, promoviendo el derecho al ocio y la recreaci\u00f3n. El evento busc\u00f3 crear un ambiente inclusivo donde las voces j\u00f3venes pudieran ser escuchadas, al tiempo que se incentivaba la reflexi\u00f3n sobre el rol que las nuevas generaciones pueden y deben desempe\u00f1ar en la vida democr\u00e1tica y social de la provincia. Adem\u00e1s de ofrecer actividades recreativas, el ciclo tuvo un enfoque orientado a fortalecer el sentido de comunidad y el compromiso con la participaci\u00f3n ciudadana activa y responsable.<\/p>\n<p>El cierre de la jornada estuvo a cargo de la cantante Kris Alaniz, quien con su m\u00fasica y estilo \u00fanico conect\u00f3 de manera especial con el p\u00fablico presente. Su actuaci\u00f3n puso el broche de oro a una jornada marcada por el arte, la participaci\u00f3n y el compromiso juvenil.<\/p>\n<p>Del evento tambi\u00e9n participaron el Vicepresidente de esta C\u00e1mara, Alexis Guerrera, y los diputados y diputadas Juan Mart\u00edn Malpeli, Juan Ariel Archanco, Micaela Edith Olivetto y Margarita Alejandra Recalde, quienes acompa\u00f1aron la jornada compartiendo con los j\u00f3venes las diversas propuestas interactivas y culturales. Adem\u00e1s, la presidenta de la Comisi\u00f3n de Juventud, la diputada Berenice Ivana Latorre de Caro, destac\u00f3 la importancia de que los j\u00f3venes se sientan parte de la vida democr\u00e1tica y que la C\u00e1mara sea vista como un espacio abierto y participativo para las juventudes:<\/p>\n<p>\u00abEste es un espacio abierto, una casa de la democracia donde ustedes, las juventudes, deben venir y participar. Aqu\u00ed se sientan los representantes del pueblo, los que elegimos en cada elecci\u00f3n, y es vital que las ideas que surgen puedan convertirse en proyectos reales. Tambi\u00e9n, presentamos un proyecto para que las juventudes tengan su propio espacio en la C\u00e1mara de Diputados, un lugar donde se puedan hacer escuchar y trabajar en iniciativas que ayuden a mejorar nuestra sociedad\u00bb, concluy\u00f3 la diputada.<\/p>\n<p>Este ciclo de actividades reafirma el compromiso de la C\u00e1mara de Diputados de la Provincia de Buenos Aires y del Instituto Cultural de la Provincia con la creaci\u00f3n de espacios inclusivos, participativos y abiertos a todas las formas de expresi\u00f3n art\u00edstica y cultural, consolidando a la juventud bonaerense como protagonista de su propio presente y futuro<strong>(VW)<\/strong>.<\/p>\n<p>&nbsp;<\/p>\n<p>&nbsp;<\/p>\n","protected":false},"excerpt":{"rendered":"<p>En el marco del mes de las juventudes y en conmemoraci\u00f3n del 48\u00b0 aniversario de la Noche de los L\u00e1pices, la C\u00e1mara de Diputados bonaerense, en conjunto con el Instituto Cultural de la Provincia,&#46;&#46;&#46;<\/p>\n","protected":false},"author":3,"featured_media":15998,"comment_status":"closed","ping_status":"closed","sticky":false,"template":"","format":"standard","meta":{"_monsterinsights_skip_tracking":false,"_monsterinsights_sitenote_active":false,"_monsterinsights_sitenote_note":"","_monsterinsights_sitenote_category":0,"footnotes":""},"categories":[8],"tags":[94,1039,872],"class_list":["post-15997","post","type-post","status-publish","format-standard","has-post-thumbnail","hentry","category-interes-general","tag-actividades","tag-jovenes","tag-legislatura"],"_links":{"self":[{"href":"https:\/\/www.visionweb.com.ar\/index.php?rest_route=\/wp\/v2\/posts\/15997","targetHints":{"allow":["GET"]}}],"collection":[{"href":"https:\/\/www.visionweb.com.ar\/index.php?rest_route=\/wp\/v2\/posts"}],"about":[{"href":"https:\/\/www.visionweb.com.ar\/index.php?rest_route=\/wp\/v2\/types\/post"}],"author":[{"embeddable":true,"href":"https:\/\/www.visionweb.com.ar\/index.php?rest_route=\/wp\/v2\/users\/3"}],"replies":[{"embeddable":true,"href":"https:\/\/www.visionweb.com.ar\/index.php?rest_route=%2Fwp%2Fv2%2Fcomments&post=15997"}],"version-history":[{"count":1,"href":"https:\/\/www.visionweb.com.ar\/index.php?rest_route=\/wp\/v2\/posts\/15997\/revisions"}],"predecessor-version":[{"id":15999,"href":"https:\/\/www.visionweb.com.ar\/index.php?rest_route=\/wp\/v2\/posts\/15997\/revisions\/15999"}],"wp:featuredmedia":[{"embeddable":true,"href":"https:\/\/www.visionweb.com.ar\/index.php?rest_route=\/wp\/v2\/media\/15998"}],"wp:attachment":[{"href":"https:\/\/www.visionweb.com.ar\/index.php?rest_route=%2Fwp%2Fv2%2Fmedia&parent=15997"}],"wp:term":[{"taxonomy":"category","embeddable":true,"href":"https:\/\/www.visionweb.com.ar\/index.php?rest_route=%2Fwp%2Fv2%2Fcategories&post=15997"},{"taxonomy":"post_tag","embeddable":true,"href":"https:\/\/www.visionweb.com.ar\/index.php?rest_route=%2Fwp%2Fv2%2Ftags&post=15997"}],"curies":[{"name":"wp","href":"https:\/\/api.w.org\/{rel}","templated":true}]}}