{"id":15995,"date":"2024-10-02T12:13:13","date_gmt":"2024-10-02T15:13:13","guid":{"rendered":"https:\/\/www.visionweb.com.ar\/?p=15995"},"modified":"2024-10-02T12:13:29","modified_gmt":"2024-10-02T15:13:29","slug":"hay-plan-de-contingencia-para-prevenir-los-cortes-de-energia-electrica","status":"publish","type":"post","link":"https:\/\/www.visionweb.com.ar\/?p=15995","title":{"rendered":"Hay plan de contingencia para prevenir los cortes de energ\u00eda el\u00e9ctrica"},"content":{"rendered":"<p><strong><em>El Gobierno dispuso \u201crealizar todas las acciones que permitan obtener la\u00a0importaci\u00f3n de energ\u00eda y potencia de los pa\u00edses lim\u00edtrofes en horas de elevada exigencia de d\u00edas cr\u00edticos.<\/em><\/strong><!--more--><\/p>\n<p><img loading=\"lazy\" decoding=\"async\" class=\"size-medium wp-image-535 alignright\" src=\"https:\/\/www.visionweb.com.ar\/wp-content\/uploads\/2020\/12\/ENERGIA-300x167.png\" alt=\"\" width=\"300\" height=\"167\" srcset=\"https:\/\/www.visionweb.com.ar\/wp-content\/uploads\/2020\/12\/ENERGIA-300x167.png 300w, https:\/\/www.visionweb.com.ar\/wp-content\/uploads\/2020\/12\/ENERGIA.png 674w\" sizes=\"auto, (max-width: 300px) 100vw, 300px\" \/>El Gobierno formaliz\u00f3 el<strong>\u00a0plan de contingencia<\/strong>\u00a0para<strong>\u00a0evitar cortes de luz masivos\u00a0<\/strong>durante el verano. El programa se extender\u00e1 para los \u201cd\u00edas cr\u00edticos\u201d del per\u00edodo 2024\/26 e incluye\u00a0<strong>una serie de medidas para la generaci\u00f3n, el transporte y la distribuci\u00f3n\u00a0<\/strong>del sistema el\u00e9ctrico.<\/p>\n<p>Con el objetivo de \u201creducir al m\u00ednimo el impacto en la econom\u00eda y la vida cotidiana\u201d ante \u201ceventuales interrupciones en el suministro el\u00e9ctrico\u201d producidas por \u201cpicos de demanda\u201d, la Secretar\u00eda de Energ\u00eda estableci\u00f3\u00a0<strong>medidas de contingencia en<\/strong>\u00a0\u201cespecial acento en el verano 2024\/2025\u201d. Lo hizo a trav\u00e9s de la resoluci\u00f3n 294, publicada este mi\u00e9rcoles en el Bolet\u00edn Oficial.<\/p>\n<p>D\u00edas despu\u00e9s de salir a\u00a0aclarar que no habr\u00e1 cortes programados\u00a0en los meses de m\u00e1s calor,\u00a0<strong>la Secretar\u00eda\u00a0<\/strong>estableci\u00f3 un\u00a0<strong>\u201cPlan de Contingencia y Previsi\u00f3n para meses cr\u00edticos del per\u00edodo 2024\/2026\u201d<\/strong>\u00a0al entender \u201coportuno y conveniente adoptar\u00a0<strong>acciones de car\u00e1cter preventivo<\/strong>, con suficiente antelaci\u00f3n, acorde a las bases establecidas en la Ley N\u00b0 24.065, para asegurar la regularidad, efectividad y continuidad en la prestaci\u00f3n del servicio p\u00fablico de electricidad\u201d.<\/p>\n<p>En ese orden, dispuso \u201crealizar todas las acciones que permitan obtener la<strong>\u00a0importaci\u00f3n de energ\u00eda y potencia de los pa\u00edses lim\u00edtrofes en horas de elevada exigencia<\/strong>\u00a0de d\u00edas cr\u00edticos que oportunamente definir\u00e1 la Compa\u00f1\u00eda Administradora del Mercado Mayorista El\u00e9ctrico (CAMMESA), y crucialmente en horas pico\u201d.<\/p>\n<p>Tambi\u00e9n resolvi\u00f3 \u201cincorporar<strong>\u00a0un esquema de remuneraci\u00f3n adicional, complementaria y excepcional<\/strong>\u00a0en base a potencia disponible (remuneraci\u00f3n fija) y generaci\u00f3n (remuneraci\u00f3n variable) que promueva la disponibilidad de las centrales de generaci\u00f3n t\u00e9rmica en meses y horas cr\u00edticas, con<strong>\u00a0vigencia desde diciembre de 2024 a marzo de 2026<\/strong>, la que podr\u00e1 ser prorrogada por la Subsecretar\u00eda de Energ\u00eda El\u00e9ctrica de esta Secretar\u00eda, por DOCE (12) meses adicionales\u201d.<\/p>\n<p>Para ello, \u201chabilitar\u00e1 a los Agentes Generadores titulares de Centrales de Generaci\u00f3n T\u00e9rmica a adherir a un Compromiso de Disponibilidad de Potencia y Mejora de la Confiabilidad para los meses de verano e invierno\u201d.<\/p>\n<p>En paralelo, seg\u00fan la normativa, \u201cCAMMESA deber\u00e1 implementar<strong>\u00a0un procedimiento de despacho de car\u00e1cter excepcional<\/strong> que permita realizar un uso estrat\u00e9gico de las unidades de generaci\u00f3n de energ\u00eda el\u00e9ctrica tendiente a reducir los riesgos de restricciones de abastecimiento en los per\u00edodos de mayor consumo<strong>(VW)<\/strong><\/p>\n","protected":false},"excerpt":{"rendered":"<p>El Gobierno dispuso \u201crealizar todas las acciones que permitan obtener la\u00a0importaci\u00f3n de energ\u00eda y potencia de los pa\u00edses lim\u00edtrofes en horas de elevada exigencia de d\u00edas cr\u00edticos.<\/p>\n","protected":false},"author":3,"featured_media":535,"comment_status":"closed","ping_status":"closed","sticky":false,"template":"","format":"standard","meta":{"_monsterinsights_skip_tracking":false,"_monsterinsights_sitenote_active":false,"_monsterinsights_sitenote_note":"","_monsterinsights_sitenote_category":0,"footnotes":""},"categories":[8],"tags":[131,195,523,3068],"class_list":["post-15995","post","type-post","status-publish","format-standard","has-post-thumbnail","hentry","category-interes-general","tag-consumo","tag-energia","tag-medidas","tag-prevencion"],"_links":{"self":[{"href":"https:\/\/www.visionweb.com.ar\/index.php?rest_route=\/wp\/v2\/posts\/15995","targetHints":{"allow":["GET"]}}],"collection":[{"href":"https:\/\/www.visionweb.com.ar\/index.php?rest_route=\/wp\/v2\/posts"}],"about":[{"href":"https:\/\/www.visionweb.com.ar\/index.php?rest_route=\/wp\/v2\/types\/post"}],"author":[{"embeddable":true,"href":"https:\/\/www.visionweb.com.ar\/index.php?rest_route=\/wp\/v2\/users\/3"}],"replies":[{"embeddable":true,"href":"https:\/\/www.visionweb.com.ar\/index.php?rest_route=%2Fwp%2Fv2%2Fcomments&post=15995"}],"version-history":[{"count":1,"href":"https:\/\/www.visionweb.com.ar\/index.php?rest_route=\/wp\/v2\/posts\/15995\/revisions"}],"predecessor-version":[{"id":15996,"href":"https:\/\/www.visionweb.com.ar\/index.php?rest_route=\/wp\/v2\/posts\/15995\/revisions\/15996"}],"wp:featuredmedia":[{"embeddable":true,"href":"https:\/\/www.visionweb.com.ar\/index.php?rest_route=\/wp\/v2\/media\/535"}],"wp:attachment":[{"href":"https:\/\/www.visionweb.com.ar\/index.php?rest_route=%2Fwp%2Fv2%2Fmedia&parent=15995"}],"wp:term":[{"taxonomy":"category","embeddable":true,"href":"https:\/\/www.visionweb.com.ar\/index.php?rest_route=%2Fwp%2Fv2%2Fcategories&post=15995"},{"taxonomy":"post_tag","embeddable":true,"href":"https:\/\/www.visionweb.com.ar\/index.php?rest_route=%2Fwp%2Fv2%2Ftags&post=15995"}],"curies":[{"name":"wp","href":"https:\/\/api.w.org\/{rel}","templated":true}]}}