{"id":15985,"date":"2024-10-01T14:31:22","date_gmt":"2024-10-01T17:31:22","guid":{"rendered":"https:\/\/www.visionweb.com.ar\/?p=15985"},"modified":"2024-10-01T14:31:22","modified_gmt":"2024-10-01T17:31:22","slug":"proponen-crear-una-mesa-de-trabajo-para-que-la-formula-1-se-corra-en-mar-del-plata","status":"publish","type":"post","link":"https:\/\/www.visionweb.com.ar\/?p=15985","title":{"rendered":"Proponen crear una mesa de trabajo para que la F\u00f3rmula 1 se corra en Mar del Plata"},"content":{"rendered":"<p><strong><em>El proyecto<\/em><em> de un concejal marplatense<\/em><em> llega despu\u00e9s de que el secretario de Turismo, Ambiente y Deportes de la Naci\u00f3n, Daniel Scioli, planteara su compromiso para que la m\u00e1xima categor\u00eda del automovilismo retorne al pa\u00eds.<\/em><\/strong><!--more--><\/p>\n<p><strong>\u00a0\u00a0 <img loading=\"lazy\" decoding=\"async\" class=\"size-medium wp-image-15986 alignright\" src=\"https:\/\/www.visionweb.com.ar\/wp-content\/uploads\/2024\/10\/f1-mdq-300x153.png\" alt=\"\" width=\"300\" height=\"153\" srcset=\"https:\/\/www.visionweb.com.ar\/wp-content\/uploads\/2024\/10\/f1-mdq-300x153.png 300w, https:\/\/www.visionweb.com.ar\/wp-content\/uploads\/2024\/10\/f1-mdq.png 582w\" sizes=\"auto, (max-width: 300px) 100vw, 300px\" \/> E<\/strong>l concejal\u00a0<strong>Gustavo Pujato (UCR), <\/strong>propuso crear una mesa de trabajo para que la <strong>F\u00f3rmula 1 llegue a la ciudad de Mar del Plata<\/strong>, por lo cual, el plenario tendr\u00e1 como objetivos concretar las \u201cacciones necesarias para impulsar la postulaci\u00f3n de la ciudad como sede de una de las fechas del calendario\u201d y sentar las bases para la \u201cconformaci\u00f3n definitiva de una comisi\u00f3n multisectorial\u201d con la finalidad de posicionar a Mar del Plata en el contexto automovil\u00edstico internacional.<\/p>\n<p>De acuerdo a lo informado por diario La Capital, la mesa de trabajo sugerida por<strong> Gustavo Pujato<\/strong> estar\u00eda integrada por el intendente Guillermo Montenegro; dos representantes del Ente Municipal de Deportes y Recreaci\u00f3n (Emder); un miembro del Ente Municipal de Turismo y Cultura (Emturyc); los presidentes de las comisiones de Deportes y Recreaci\u00f3n y de Turismo del Concejo Deliberante; un representante por bloque pol\u00edtico del legislativo; dos miembros de federaciones deportivas y organizaciones vinculadas con el automovilismo; deportistas destacados en la actividad; integrantes de consejos profesionales; empresarios; exfuncionarios vinculados a la tem\u00e1tica; legisladores nacionales y provinciales con asiento en la ciudad.<\/p>\n<p>El proyecto de Pujato, trabajado en forma conjunta con Jos\u00e9 Mar\u00eda Conte, exdirector de Vialidad Municipal,\u00a0<strong>se dio luego de que el secretario de Turismo, Ambiente y Deportes de la Naci\u00f3n, Daniel Scioli, planteara su compromiso para que la F1 retorne al pa\u00eds<\/strong>.<\/p>\n<p>El <strong>\u00faltimo Gran Premio que se disput\u00f3 en Argentina fue en 1998<\/strong>, en Buenos Aires.\u00a0<strong>En 2012, en momentos en que Scioli gobernaba la provincia, se gener\u00f3 una gran expectativa en Mar del Plata ante el anuncio de la posible llegada de la F1 en 2013. La idea era que hubiera un circuito callejero.<\/strong><\/p>\n<p><strong>\u201cSeg\u00fan indican especialistas, la zona de Playa Grande ser\u00eda la ideal para diagramar un circuito callejero ante la imposibilidad f\u00e1ctica de realizar una carrera de semejante envergadura en el aut\u00f3dromo local<\/strong>. Servir\u00eda para visibilizar a\u00fan m\u00e1s uno de los sectores m\u00e1s tradicionales y bellos de Mar del Plata, generando infinidad de beneficios\u201d, sostuvo Pujato, citado por el diario La Capital. <strong>(VW)<\/strong><\/p>\n<p>&nbsp;<\/p>\n","protected":false},"excerpt":{"rendered":"<p>El proyecto de un concejal marplatense llega despu\u00e9s de que el secretario de Turismo, Ambiente y Deportes de la Naci\u00f3n, Daniel Scioli, planteara su compromiso para que la m\u00e1xima categor\u00eda del automovilismo retorne al&#46;&#46;&#46;<\/p>\n","protected":false},"author":4,"featured_media":15986,"comment_status":"closed","ping_status":"closed","sticky":false,"template":"","format":"standard","meta":{"_monsterinsights_skip_tracking":false,"_monsterinsights_sitenote_active":false,"_monsterinsights_sitenote_note":"","_monsterinsights_sitenote_category":0,"footnotes":""},"categories":[8,4],"tags":[6780,247,1953,6781],"class_list":["post-15985","post","type-post","status-publish","format-standard","has-post-thumbnail","hentry","category-interes-general","category-politica","tag-fomula-1","tag-mar-del-plata","tag-proyecto","tag-pujato-ucr"],"_links":{"self":[{"href":"https:\/\/www.visionweb.com.ar\/index.php?rest_route=\/wp\/v2\/posts\/15985","targetHints":{"allow":["GET"]}}],"collection":[{"href":"https:\/\/www.visionweb.com.ar\/index.php?rest_route=\/wp\/v2\/posts"}],"about":[{"href":"https:\/\/www.visionweb.com.ar\/index.php?rest_route=\/wp\/v2\/types\/post"}],"author":[{"embeddable":true,"href":"https:\/\/www.visionweb.com.ar\/index.php?rest_route=\/wp\/v2\/users\/4"}],"replies":[{"embeddable":true,"href":"https:\/\/www.visionweb.com.ar\/index.php?rest_route=%2Fwp%2Fv2%2Fcomments&post=15985"}],"version-history":[{"count":1,"href":"https:\/\/www.visionweb.com.ar\/index.php?rest_route=\/wp\/v2\/posts\/15985\/revisions"}],"predecessor-version":[{"id":15987,"href":"https:\/\/www.visionweb.com.ar\/index.php?rest_route=\/wp\/v2\/posts\/15985\/revisions\/15987"}],"wp:featuredmedia":[{"embeddable":true,"href":"https:\/\/www.visionweb.com.ar\/index.php?rest_route=\/wp\/v2\/media\/15986"}],"wp:attachment":[{"href":"https:\/\/www.visionweb.com.ar\/index.php?rest_route=%2Fwp%2Fv2%2Fmedia&parent=15985"}],"wp:term":[{"taxonomy":"category","embeddable":true,"href":"https:\/\/www.visionweb.com.ar\/index.php?rest_route=%2Fwp%2Fv2%2Fcategories&post=15985"},{"taxonomy":"post_tag","embeddable":true,"href":"https:\/\/www.visionweb.com.ar\/index.php?rest_route=%2Fwp%2Fv2%2Ftags&post=15985"}],"curies":[{"name":"wp","href":"https:\/\/api.w.org\/{rel}","templated":true}]}}