{"id":15894,"date":"2024-09-23T08:16:26","date_gmt":"2024-09-23T11:16:26","guid":{"rendered":"https:\/\/www.visionweb.com.ar\/?p=15894"},"modified":"2024-09-23T08:25:38","modified_gmt":"2024-09-23T11:25:38","slug":"escuelas-secundarias-estudiantes-participaron-del-programa-echeverria-construye-memoria","status":"publish","type":"post","link":"https:\/\/www.visionweb.com.ar\/?p=15894","title":{"rendered":"Escuelas secundarias: Estudiantes participaron del programa \u00abEcheverr\u00eda construye memoria\u00bb"},"content":{"rendered":"<p><em><strong>El circuito finaliz\u00f3 en el Hogar Escuela Evita, donde docentes, alumnas y alumnos de esa instituci\u00f3n participaron una visita por las instalaciones.<\/strong><\/em><!--more--><\/p>\n<p><img loading=\"lazy\" decoding=\"async\" class=\"size-medium wp-image-15896 alignright\" src=\"https:\/\/www.visionweb.com.ar\/wp-content\/uploads\/2024\/09\/ESTUDIANTES-SECUNDARIOS-MEMORIA-300x175.png\" alt=\"\" width=\"300\" height=\"175\" srcset=\"https:\/\/www.visionweb.com.ar\/wp-content\/uploads\/2024\/09\/ESTUDIANTES-SECUNDARIOS-MEMORIA-300x175.png 300w, https:\/\/www.visionweb.com.ar\/wp-content\/uploads\/2024\/09\/ESTUDIANTES-SECUNDARIOS-MEMORIA.png 640w\" sizes=\"auto, (max-width: 300px) 100vw, 300px\" \/>El viernes 20 de septiembre, estudiantes de las escuelas secundarias N\u00b0 3 de Luis Guill\u00f3n y N\u00b0 32, 39 y 42 de 9 de Abril participaron de las visitas guiadas que forman parte del programa municipal Echeverr\u00eda Construye Memoria.<\/p>\n<p>Esta iniciativa tiene como objetivo dar a conocer a las nuevas generaciones qu\u00e9 sucedi\u00f3 en el distrito durante la \u00faltima dictadura c\u00edvico-militar.<\/p>\n<p>En el recorrido, chicas y chicos visitaron la casa de la Masacre de Monte Grande (Luis Guill\u00f3n), la plaza de la Memoria (Monte Grande), la Comisar\u00eda 1\u00aa (Monte Grande) y el excentro clandestino de detenci\u00f3n conocido como La 205 (9 de Abril), todos Sitios de Memoria.<\/p>\n<p>Docentes y personal municipal del \u00e1rea de Derechos Humanos relataron a las y los estudiantes lo ocurrido en cada uno de esos lugares durante la \u00faltima dictadura c\u00edvico- militar.<\/p>\n<p>El circuito finaliz\u00f3 en el Hogar Escuela Evita, donde docentes, alumnas y alumnos de esa instituci\u00f3n participaron una visita por las instalaciones<strong>(VW)<\/strong>.<\/p>\n","protected":false},"excerpt":{"rendered":"<p>El circuito finaliz\u00f3 en el Hogar Escuela Evita, donde docentes, alumnas y alumnos de esa instituci\u00f3n participaron una visita por las instalaciones.<\/p>\n","protected":false},"author":3,"featured_media":15896,"comment_status":"closed","ping_status":"closed","sticky":false,"template":"","format":"standard","meta":{"_monsterinsights_skip_tracking":false,"_monsterinsights_sitenote_active":false,"_monsterinsights_sitenote_note":"","_monsterinsights_sitenote_category":0,"footnotes":""},"categories":[5],"tags":[],"class_list":["post-15894","post","type-post","status-publish","format-standard","has-post-thumbnail","hentry","category-sociedad"],"_links":{"self":[{"href":"https:\/\/www.visionweb.com.ar\/index.php?rest_route=\/wp\/v2\/posts\/15894","targetHints":{"allow":["GET"]}}],"collection":[{"href":"https:\/\/www.visionweb.com.ar\/index.php?rest_route=\/wp\/v2\/posts"}],"about":[{"href":"https:\/\/www.visionweb.com.ar\/index.php?rest_route=\/wp\/v2\/types\/post"}],"author":[{"embeddable":true,"href":"https:\/\/www.visionweb.com.ar\/index.php?rest_route=\/wp\/v2\/users\/3"}],"replies":[{"embeddable":true,"href":"https:\/\/www.visionweb.com.ar\/index.php?rest_route=%2Fwp%2Fv2%2Fcomments&post=15894"}],"version-history":[{"count":3,"href":"https:\/\/www.visionweb.com.ar\/index.php?rest_route=\/wp\/v2\/posts\/15894\/revisions"}],"predecessor-version":[{"id":15898,"href":"https:\/\/www.visionweb.com.ar\/index.php?rest_route=\/wp\/v2\/posts\/15894\/revisions\/15898"}],"wp:featuredmedia":[{"embeddable":true,"href":"https:\/\/www.visionweb.com.ar\/index.php?rest_route=\/wp\/v2\/media\/15896"}],"wp:attachment":[{"href":"https:\/\/www.visionweb.com.ar\/index.php?rest_route=%2Fwp%2Fv2%2Fmedia&parent=15894"}],"wp:term":[{"taxonomy":"category","embeddable":true,"href":"https:\/\/www.visionweb.com.ar\/index.php?rest_route=%2Fwp%2Fv2%2Fcategories&post=15894"},{"taxonomy":"post_tag","embeddable":true,"href":"https:\/\/www.visionweb.com.ar\/index.php?rest_route=%2Fwp%2Fv2%2Ftags&post=15894"}],"curies":[{"name":"wp","href":"https:\/\/api.w.org\/{rel}","templated":true}]}}