{"id":15892,"date":"2024-09-23T08:03:41","date_gmt":"2024-09-23T11:03:41","guid":{"rendered":"https:\/\/www.visionweb.com.ar\/?p=15892"},"modified":"2024-09-23T08:03:41","modified_gmt":"2024-09-23T11:03:41","slug":"el-gobierno-confirmo-que-habra-cortes-de-electricidad-programados-durante-el-verano","status":"publish","type":"post","link":"https:\/\/www.visionweb.com.ar\/?p=15892","title":{"rendered":"El Gobierno confirm\u00f3 que habr\u00e1 cortes de electricidad programados durante el verano"},"content":{"rendered":"<p><em><strong>Lo dijo esta ma\u00f1ana el jefe de Gabinete, Guillermo Francos. \u201cSi viene un verano de mucha temperatura, puede haber una demanda muy alta de electricidad. Lamentablemente, no han habido inversiones, va a faltar generaci\u00f3n y vamos a tener que programar alg\u00fan corte\u201d, justific\u00f3.<\/strong><\/em><!--more--><\/p>\n<p><img loading=\"lazy\" decoding=\"async\" class=\"size-medium wp-image-4785 alignright\" src=\"https:\/\/www.visionweb.com.ar\/wp-content\/uploads\/2022\/03\/ENERGIA-300x167.png\" alt=\"\" width=\"300\" height=\"167\" srcset=\"https:\/\/www.visionweb.com.ar\/wp-content\/uploads\/2022\/03\/ENERGIA-300x167.png 300w, https:\/\/www.visionweb.com.ar\/wp-content\/uploads\/2022\/03\/ENERGIA-768x428.png 768w, https:\/\/www.visionweb.com.ar\/wp-content\/uploads\/2022\/03\/ENERGIA.png 800w\" sizes=\"auto, (max-width: 300px) 100vw, 300px\" \/>Habr\u00e1 cortes de electricidad programados durante el verano, confirm\u00f3 este domingo el Gobierno nacional. Ante la alta demanda de electricidad,<strong>\u00a0el jefe de Gabinete, Guillermo Francos, anticip\u00f3 que \u201cva a haber una programaci\u00f3n, est\u00e1 analiz\u00e1ndose\u201d.<\/strong><\/p>\n<p><strong>\u201cSi viene un verano de mucha temperatura, puede haber una demanda muy alta de electricidad. Lamentablemente, no han habido inversiones, va a faltar generaci\u00f3n y vamos a tener que programar alg\u00fan corte, sobre todo hacer algunos acuerdos con los sectores industriales\u201d<\/strong>, explic\u00f3 esta ma\u00f1ana Francos, entrevistado por radio Mitre.\u00a0<strong>\u201cEs una situaci\u00f3n que viene de a\u00f1os y que hay que encarar seriamente<\/strong>. Hay que encarar inversiones y eventualidades, no podemos estar sujeto a improvisar. La Secretar\u00eda de Energ\u00eda est\u00e1 trabajando en el tema\u201d, explic\u00f3 Francos, en declaraciones que reproduce la agencia Noticias Argentinas.<\/p>\n<p>A prop\u00f3sito, Francos defendi\u00f3 los aumentos que sufri\u00f3 el servicio de electricidad, entre otros. \u201cUna cosa no tiene que ver con la otra. Si no hay una generaci\u00f3n razonable, no se puede pedir inversi\u00f3n\u201d. Y agreg\u00f3:\u00a0<strong>\u201cHay que aumentar la tarifa porque si no debe subsidiar el Estado y hay que terminar con los subsidios para no tener que generar deuda, emisi\u00f3n, y no tener que generar inflaci\u00f3n<\/strong>, que es el objetivo fundamental\u201d<strong>(VW)<\/strong>.<\/p>\n<p>Fuente: Agencia DIB<\/p>\n","protected":false},"excerpt":{"rendered":"<p>Lo dijo esta ma\u00f1ana el jefe de Gabinete, Guillermo Francos. \u201cSi viene un verano de mucha temperatura, puede haber una demanda muy alta de electricidad. Lamentablemente, no han habido inversiones, va a faltar generaci\u00f3n&#46;&#46;&#46;<\/p>\n","protected":false},"author":3,"featured_media":4785,"comment_status":"closed","ping_status":"closed","sticky":false,"template":"","format":"standard","meta":{"_monsterinsights_skip_tracking":false,"_monsterinsights_sitenote_active":false,"_monsterinsights_sitenote_note":"","_monsterinsights_sitenote_category":0,"footnotes":""},"categories":[8],"tags":[],"class_list":["post-15892","post","type-post","status-publish","format-standard","has-post-thumbnail","hentry","category-interes-general"],"_links":{"self":[{"href":"https:\/\/www.visionweb.com.ar\/index.php?rest_route=\/wp\/v2\/posts\/15892","targetHints":{"allow":["GET"]}}],"collection":[{"href":"https:\/\/www.visionweb.com.ar\/index.php?rest_route=\/wp\/v2\/posts"}],"about":[{"href":"https:\/\/www.visionweb.com.ar\/index.php?rest_route=\/wp\/v2\/types\/post"}],"author":[{"embeddable":true,"href":"https:\/\/www.visionweb.com.ar\/index.php?rest_route=\/wp\/v2\/users\/3"}],"replies":[{"embeddable":true,"href":"https:\/\/www.visionweb.com.ar\/index.php?rest_route=%2Fwp%2Fv2%2Fcomments&post=15892"}],"version-history":[{"count":1,"href":"https:\/\/www.visionweb.com.ar\/index.php?rest_route=\/wp\/v2\/posts\/15892\/revisions"}],"predecessor-version":[{"id":15893,"href":"https:\/\/www.visionweb.com.ar\/index.php?rest_route=\/wp\/v2\/posts\/15892\/revisions\/15893"}],"wp:featuredmedia":[{"embeddable":true,"href":"https:\/\/www.visionweb.com.ar\/index.php?rest_route=\/wp\/v2\/media\/4785"}],"wp:attachment":[{"href":"https:\/\/www.visionweb.com.ar\/index.php?rest_route=%2Fwp%2Fv2%2Fmedia&parent=15892"}],"wp:term":[{"taxonomy":"category","embeddable":true,"href":"https:\/\/www.visionweb.com.ar\/index.php?rest_route=%2Fwp%2Fv2%2Fcategories&post=15892"},{"taxonomy":"post_tag","embeddable":true,"href":"https:\/\/www.visionweb.com.ar\/index.php?rest_route=%2Fwp%2Fv2%2Ftags&post=15892"}],"curies":[{"name":"wp","href":"https:\/\/api.w.org\/{rel}","templated":true}]}}