{"id":15885,"date":"2024-09-20T15:45:52","date_gmt":"2024-09-20T18:45:52","guid":{"rendered":"https:\/\/www.visionweb.com.ar\/?p=15885"},"modified":"2024-09-20T15:45:52","modified_gmt":"2024-09-20T18:45:52","slug":"vacunacion-focalizada-contra-el-dengue-comenzo-la-distribucion-de-vacunas","status":"publish","type":"post","link":"https:\/\/www.visionweb.com.ar\/?p=15885","title":{"rendered":"Vacunaci\u00f3n focalizada contra el dengue: Comenz\u00f3 la distribuci\u00f3n de vacunas"},"content":{"rendered":"<p><em><strong>El Gobierno nacional comenz\u00f3 con la distribuci\u00f3n de las\u00a0160 mil vacunas tetravalentes contra el\u00a0dengue,\u00a0con el fin de avanzar en la estrategia de la vacunaci\u00f3n focalizada.<\/strong><\/em><!--more--><\/p>\n<p><img loading=\"lazy\" decoding=\"async\" class=\"size-full wp-image-6552 alignright\" src=\"https:\/\/www.visionweb.com.ar\/wp-content\/uploads\/2022\/07\/vacunas-4.bmp\" alt=\"\" width=\"633\" height=\"365\" \/> <strong>E<\/strong>l <strong>Ministerio de Salud de la Naci\u00f3n<\/strong>, inform\u00f3\u00a0que la vacunaci\u00f3n se iniciar\u00e1 en 48 departamentos priorizados de las regiones del<strong>\u00a0NOA, NEA y Centro\u00a0<\/strong>para disminuir la morbimortalidad de la enfermedad. Se trata de<strong>\u00a0160 mil vacunas tetravalentes en principio,\u00a0con el fin de avanzar en la estrategia de la vacunaci\u00f3n focalizada.<\/strong><\/p>\n<p>La priorizaci\u00f3n de estos lugares se defini\u00f3 de acuerdo al criterio de la tasa de incidencia acumulada, densidad poblacional, determinantes sociales, acceso y calidad a la atenci\u00f3n, entre otras variables.<\/p>\n<p><strong>La poblaci\u00f3n definida que recibir\u00e1 la inmunizaci\u00f3n ser\u00e1n las personas de entre 15 y 39 a\u00f1os que viven en departamentos priorizados<\/strong>.<\/p>\n<p>Se comenzar\u00e1 por los j\u00f3venes de entre\u00a015 y 19\u00a0para avanzar de manera progresiva, din\u00e1mica y escalonada por etapas.<\/p>\n<p>Vale recordar, en este marco, que\u00a0<strong>la provincia de Buenos Aires tiene su propia estrategia y la vacunaci\u00f3n comenzar\u00e1 en octubre<\/strong>. Ser\u00e1n inoculados aquellos residentes del \u00c1rea Metropolitana de Buenos Aires, entre 15 y 59 a\u00f1os, que hayan tenido dengue. <strong>(VW)<\/strong><\/p>\n<p>&nbsp;<\/p>\n","protected":false},"excerpt":{"rendered":"<p>El Gobierno nacional comenz\u00f3 con la distribuci\u00f3n de las\u00a0160 mil vacunas tetravalentes contra el\u00a0dengue,\u00a0con el fin de avanzar en la estrategia de la vacunaci\u00f3n focalizada.<\/p>\n","protected":false},"author":4,"featured_media":6552,"comment_status":"closed","ping_status":"closed","sticky":false,"template":"","format":"standard","meta":{"_monsterinsights_skip_tracking":false,"_monsterinsights_sitenote_active":false,"_monsterinsights_sitenote_note":"","_monsterinsights_sitenote_category":0,"footnotes":""},"categories":[4,5],"tags":[317,6738,6737],"class_list":["post-15885","post","type-post","status-publish","format-standard","has-post-thumbnail","hentry","category-politica","category-sociedad","tag-dengue","tag-distribucion-de-vacunas","tag-vacunacion-focalizada"],"_links":{"self":[{"href":"https:\/\/www.visionweb.com.ar\/index.php?rest_route=\/wp\/v2\/posts\/15885","targetHints":{"allow":["GET"]}}],"collection":[{"href":"https:\/\/www.visionweb.com.ar\/index.php?rest_route=\/wp\/v2\/posts"}],"about":[{"href":"https:\/\/www.visionweb.com.ar\/index.php?rest_route=\/wp\/v2\/types\/post"}],"author":[{"embeddable":true,"href":"https:\/\/www.visionweb.com.ar\/index.php?rest_route=\/wp\/v2\/users\/4"}],"replies":[{"embeddable":true,"href":"https:\/\/www.visionweb.com.ar\/index.php?rest_route=%2Fwp%2Fv2%2Fcomments&post=15885"}],"version-history":[{"count":1,"href":"https:\/\/www.visionweb.com.ar\/index.php?rest_route=\/wp\/v2\/posts\/15885\/revisions"}],"predecessor-version":[{"id":15886,"href":"https:\/\/www.visionweb.com.ar\/index.php?rest_route=\/wp\/v2\/posts\/15885\/revisions\/15886"}],"wp:featuredmedia":[{"embeddable":true,"href":"https:\/\/www.visionweb.com.ar\/index.php?rest_route=\/wp\/v2\/media\/6552"}],"wp:attachment":[{"href":"https:\/\/www.visionweb.com.ar\/index.php?rest_route=%2Fwp%2Fv2%2Fmedia&parent=15885"}],"wp:term":[{"taxonomy":"category","embeddable":true,"href":"https:\/\/www.visionweb.com.ar\/index.php?rest_route=%2Fwp%2Fv2%2Fcategories&post=15885"},{"taxonomy":"post_tag","embeddable":true,"href":"https:\/\/www.visionweb.com.ar\/index.php?rest_route=%2Fwp%2Fv2%2Ftags&post=15885"}],"curies":[{"name":"wp","href":"https:\/\/api.w.org\/{rel}","templated":true}]}}