{"id":15880,"date":"2024-09-20T12:26:38","date_gmt":"2024-09-20T15:26:38","guid":{"rendered":"https:\/\/www.visionweb.com.ar\/?p=15880"},"modified":"2024-09-20T12:33:28","modified_gmt":"2024-09-20T15:33:28","slug":"senador-del-pro-pide-informes-sobre-el-estaado-de-los-puertos-de-la-plata-y-de-dock-sud","status":"publish","type":"post","link":"https:\/\/www.visionweb.com.ar\/?p=15880","title":{"rendered":"Senador del PRO pide informes sobre el estaado de los puertos de La Plata y de Dock Sud"},"content":{"rendered":"<p><em><strong>Se trata de Marcelo Leguizam\u00f3n, Presidente de la comisi\u00f3n de la Comisi\u00f3n de\u00a0 Transporte, Puertos e Intereses Mar\u00edtimos.<\/strong><\/em><!--more--><\/p>\n<p><img loading=\"lazy\" decoding=\"async\" class=\"size-medium wp-image-15883 alignright\" src=\"https:\/\/www.visionweb.com.ar\/wp-content\/uploads\/2024\/09\/BUQUE-EN-PUERTO-DE-LA-PLATA-300x188.png\" alt=\"\" width=\"300\" height=\"188\" srcset=\"https:\/\/www.visionweb.com.ar\/wp-content\/uploads\/2024\/09\/BUQUE-EN-PUERTO-DE-LA-PLATA-300x188.png 300w, https:\/\/www.visionweb.com.ar\/wp-content\/uploads\/2024\/09\/BUQUE-EN-PUERTO-DE-LA-PLATA.png 640w\" sizes=\"auto, (max-width: 300px) 100vw, 300px\" \/>El senador del PRO y presidente de la comisi\u00f3n Transporte, Puertos e Intereses Mar\u00edtimos, Marcelo \u201cChuby\u201d Leguizam\u00f3n, le pidi\u00f3 informes al gobernador de la provincia de Buenos Aires, Axel Kicillof, para conocer el estado de los puertos de La Plata y Dock Sud, consideradas las terminales portuarias m\u00e1s importantes de la regi\u00f3n.<\/p>\n<p>\u201cPara evaluar y mejorar la operatividad de los puertos, es necesario contar con informaci\u00f3n actualizada y detallada sobre diversos aspectos de su funcionamiento. Por eso estamos solicitando informes al poder ejecutivo sobre los puertos de la Provincia de Buenos Aires\u201d, anunci\u00f3 el senador Leguizam\u00f3n v\u00eda redes sociales.<\/p>\n<p>En esta l\u00ednea, el integrante del bloque PRO en el Senado bonaerense pidi\u00f3 que la gesti\u00f3n de Kicillof informe las estad\u00edsticas del tr\u00e1fico de buques y de carga del Puerto de La Plata de los \u00faltimos 10 a\u00f1os, y del de Dock Sud del \u00faltimo lustro, discriminando el tipo de mercader\u00eda, de embarcaci\u00f3n y la cantidad de contenedores.<\/p>\n<p>Asimismo, Leguizam\u00f3n exigi\u00f3 conocer las medidas de seguridad de ambos puertos tanto para prevenir accidentes del personal como incidentes ambientales; el estado actual de las infraestructuras portuarias como los muelles, dep\u00f3sitos y equipamiento para el manejo de contenedores.<\/p>\n<p>El Puerto La Plata se encuentra emplazado sobre la margen sud del estuario del R\u00edo de la Plata a 10 km de la Ciudad de\u00a0<a title=\"La Plata\" href=\"https:\/\/es.wikipedia.org\/wiki\/La_Plata\">La Plata<\/a>\u00a0y a 60 km v\u00eda terrestre y 37 km v\u00eda mar\u00edtima de la Ciudad de\u00a0<a title=\"Buenos Aires\" href=\"https:\/\/es.wikipedia.org\/wiki\/Buenos_Aires\">Buenos Aires<\/a>.<strong>(VW)<\/strong><\/p>\n<p>&nbsp;<\/p>\n","protected":false},"excerpt":{"rendered":"<p>Se trata de Marcelo Leguizam\u00f3n, Presidente de la comisi\u00f3n de la Comisi\u00f3n de\u00a0 Transporte, Puertos e Intereses Mar\u00edtimos.<\/p>\n","protected":false},"author":3,"featured_media":15883,"comment_status":"closed","ping_status":"closed","sticky":false,"template":"","format":"standard","meta":{"_monsterinsights_skip_tracking":false,"_monsterinsights_sitenote_active":false,"_monsterinsights_sitenote_note":"","_monsterinsights_sitenote_category":0,"footnotes":""},"categories":[749],"tags":[],"class_list":["post-15880","post","type-post","status-publish","format-standard","has-post-thumbnail","hentry","category-pymes"],"_links":{"self":[{"href":"https:\/\/www.visionweb.com.ar\/index.php?rest_route=\/wp\/v2\/posts\/15880","targetHints":{"allow":["GET"]}}],"collection":[{"href":"https:\/\/www.visionweb.com.ar\/index.php?rest_route=\/wp\/v2\/posts"}],"about":[{"href":"https:\/\/www.visionweb.com.ar\/index.php?rest_route=\/wp\/v2\/types\/post"}],"author":[{"embeddable":true,"href":"https:\/\/www.visionweb.com.ar\/index.php?rest_route=\/wp\/v2\/users\/3"}],"replies":[{"embeddable":true,"href":"https:\/\/www.visionweb.com.ar\/index.php?rest_route=%2Fwp%2Fv2%2Fcomments&post=15880"}],"version-history":[{"count":3,"href":"https:\/\/www.visionweb.com.ar\/index.php?rest_route=\/wp\/v2\/posts\/15880\/revisions"}],"predecessor-version":[{"id":15884,"href":"https:\/\/www.visionweb.com.ar\/index.php?rest_route=\/wp\/v2\/posts\/15880\/revisions\/15884"}],"wp:featuredmedia":[{"embeddable":true,"href":"https:\/\/www.visionweb.com.ar\/index.php?rest_route=\/wp\/v2\/media\/15883"}],"wp:attachment":[{"href":"https:\/\/www.visionweb.com.ar\/index.php?rest_route=%2Fwp%2Fv2%2Fmedia&parent=15880"}],"wp:term":[{"taxonomy":"category","embeddable":true,"href":"https:\/\/www.visionweb.com.ar\/index.php?rest_route=%2Fwp%2Fv2%2Fcategories&post=15880"},{"taxonomy":"post_tag","embeddable":true,"href":"https:\/\/www.visionweb.com.ar\/index.php?rest_route=%2Fwp%2Fv2%2Ftags&post=15880"}],"curies":[{"name":"wp","href":"https:\/\/api.w.org\/{rel}","templated":true}]}}