{"id":15874,"date":"2024-09-20T11:05:46","date_gmt":"2024-09-20T14:05:46","guid":{"rendered":"https:\/\/www.visionweb.com.ar\/?p=15874"},"modified":"2024-09-20T11:26:00","modified_gmt":"2024-09-20T14:26:00","slug":"almaceneros-de-cercania-se-reunieron-con-el-intendente-julian-alvarez","status":"publish","type":"post","link":"https:\/\/www.visionweb.com.ar\/?p=15874","title":{"rendered":"Almaceneros de cercan\u00eda se reunieron con el intendente Juli\u00e1n Alvarez"},"content":{"rendered":"<p><strong><em>En la reuni\u00f3n el jefe comunal anunci\u00f3 beneficios para los almacenes de cercan\u00eda. Dispuso, adem\u00e1s el aumento de las tasas municipales para las cadenas de supermercados.<\/em><\/strong> <!--more--><\/p>\n<p><img loading=\"lazy\" decoding=\"async\" class=\"size-medium wp-image-15875 alignright\" src=\"https:\/\/www.visionweb.com.ar\/wp-content\/uploads\/2024\/09\/ALMACENEROS-300x200.jpg\" alt=\"\" width=\"300\" height=\"200\" srcset=\"https:\/\/www.visionweb.com.ar\/wp-content\/uploads\/2024\/09\/ALMACENEROS-300x200.jpg 300w, https:\/\/www.visionweb.com.ar\/wp-content\/uploads\/2024\/09\/ALMACENEROS.jpg 640w\" sizes=\"auto, (max-width: 300px) 100vw, 300px\" \/>M\u00e1s de 80 comerciantes del rubro almacenero de cercan\u00eda de Lan\u00fas fueron invitados por el intendente \u00c1lvarez, para conversar sobre las pol\u00edticas que se vienen implementando que permitan incentivar el consumo local.<\/p>\n<p>En ese marco, adem\u00e1s se convers\u00f3 acerca de la exenci\u00f3n y reducci\u00f3n de las tasas municipales a los m\u00e1s de 500 almacenes de barrio.<\/p>\n<p>Asimismo, Alvarez se refiri\u00f3 al aumento de esas tasas a los hipermercados. La jornada se desarroll\u00f3 en el Auditorio Hugo del Carril, ubicado en el subsuelo del Palacio Municipal.<\/p>\n<p>\u00abDe esta manera, iniciamos una mesa de trabajo conjunta con el sector para llevar adelante acciones tendientes a mejorar la econom\u00eda social y favorecer el consumo en los comercios de cercan\u00eda\u00bb, afirm\u00f3 Juli\u00e1n \u00c1lvarez.<\/p>\n<p>\u00abNosotros siempre pretendemos que se proteja al comercio de cercan\u00eda. Es por eso que la quita de la Tasa de Seguridad e Higiene es muy importante para el sector. Esto nos ayuda a fortalecer a los peque\u00f1os comercios y a afrontar los aumentos que hubo en los servicios\u00bb, dijo el presidente de la Uni\u00f3n de Almaceneros, Minoristas y Anexos de Lan\u00fas, Juan Carlos Menchiki\u00e1n.<\/p>\n<p>Participaron de la actividad, adem\u00e1s del intendente, el secretario de Producci\u00f3n, Comercio y Empleo Sebasti\u00e1n Tibaldi, la subsecretaria de Fiscalizaci\u00f3n y Control Comunal Ana Bel\u00e9n Delgado, el presidente del Honorable Concejo Deliberante de Lan\u00fas Agust\u00edn Balladares, el diputado provincial Nicol\u00e1s Russo, y Edgardo Depetri<strong>(VW)<\/strong><\/p>\n<p>&nbsp;<\/p>\n","protected":false},"excerpt":{"rendered":"<p>En la reuni\u00f3n el jefe comunal anunci\u00f3 beneficios para los almacenes de cercan\u00eda. Dispuso, adem\u00e1s el aumento de las tasas municipales para las cadenas de supermercados.<\/p>\n","protected":false},"author":3,"featured_media":15875,"comment_status":"closed","ping_status":"closed","sticky":false,"template":"","format":"standard","meta":{"_monsterinsights_skip_tracking":false,"_monsterinsights_sitenote_active":false,"_monsterinsights_sitenote_note":"","_monsterinsights_sitenote_category":0,"footnotes":""},"categories":[8],"tags":[6735,6736,217],"class_list":["post-15874","post","type-post","status-publish","format-standard","has-post-thumbnail","hentry","category-interes-general","tag-alamaceneros","tag-reunion-municipio","tag-tasas"],"_links":{"self":[{"href":"https:\/\/www.visionweb.com.ar\/index.php?rest_route=\/wp\/v2\/posts\/15874","targetHints":{"allow":["GET"]}}],"collection":[{"href":"https:\/\/www.visionweb.com.ar\/index.php?rest_route=\/wp\/v2\/posts"}],"about":[{"href":"https:\/\/www.visionweb.com.ar\/index.php?rest_route=\/wp\/v2\/types\/post"}],"author":[{"embeddable":true,"href":"https:\/\/www.visionweb.com.ar\/index.php?rest_route=\/wp\/v2\/users\/3"}],"replies":[{"embeddable":true,"href":"https:\/\/www.visionweb.com.ar\/index.php?rest_route=%2Fwp%2Fv2%2Fcomments&post=15874"}],"version-history":[{"count":4,"href":"https:\/\/www.visionweb.com.ar\/index.php?rest_route=\/wp\/v2\/posts\/15874\/revisions"}],"predecessor-version":[{"id":15879,"href":"https:\/\/www.visionweb.com.ar\/index.php?rest_route=\/wp\/v2\/posts\/15874\/revisions\/15879"}],"wp:featuredmedia":[{"embeddable":true,"href":"https:\/\/www.visionweb.com.ar\/index.php?rest_route=\/wp\/v2\/media\/15875"}],"wp:attachment":[{"href":"https:\/\/www.visionweb.com.ar\/index.php?rest_route=%2Fwp%2Fv2%2Fmedia&parent=15874"}],"wp:term":[{"taxonomy":"category","embeddable":true,"href":"https:\/\/www.visionweb.com.ar\/index.php?rest_route=%2Fwp%2Fv2%2Fcategories&post=15874"},{"taxonomy":"post_tag","embeddable":true,"href":"https:\/\/www.visionweb.com.ar\/index.php?rest_route=%2Fwp%2Fv2%2Ftags&post=15874"}],"curies":[{"name":"wp","href":"https:\/\/api.w.org\/{rel}","templated":true}]}}