{"id":15864,"date":"2024-09-19T11:15:42","date_gmt":"2024-09-19T14:15:42","guid":{"rendered":"https:\/\/www.visionweb.com.ar\/?p=15864"},"modified":"2024-09-19T11:15:42","modified_gmt":"2024-09-19T14:15:42","slug":"el-municipio-de-lanus-realizara-una-nueva-jornada-de-autocuidado","status":"publish","type":"post","link":"https:\/\/www.visionweb.com.ar\/?p=15864","title":{"rendered":"El municipio de Lan\u00fas realizar\u00e1 una nueva jornada de autocuidado"},"content":{"rendered":"<h4><em><strong>Ser\u00e1 este viernes en Lan\u00fas oeste. La capacitaci\u00f3n incluye, entre otras actividades, el uso de un desfibrilador.<\/strong><\/em><\/h4>\n<p><!--more--><\/p>\n<p>El pr\u00f3ximo viernes 20 de septiembre se realizar\u00e1 en el C\u00edrculo Social El Ceibo, una nueva jornada de capacitaci\u00f3n sobre autocuidado, organizada por la municipalidad de Lan\u00fas.<\/p>\n<p>El encuentro, de car\u00e1cter es gratuito\u00a0 y abierto a todos los vecinos que se quieran sumar, se desarrollar\u00e1 en la sede institucional El Ceibo, ubicada en Rangugni 2942, Lan\u00fas oeste, a partir de las 17.30.<\/p>\n<p>Esta actividad apunta a sumar conocimientos pr\u00e1cticos en primeros auxilios que les permitan a las personas responder con rapidez ante ciertas situaciones de emergencia m\u00e9dica.<\/p>\n<p>La capacitaci\u00f3n incluye entrega de certificados, no requiere inscripci\u00f3n previa y no se suspende en caso de lluvia.<\/p>\n<p>Durante la clase, se aprender\u00e1n las siguientes t\u00e9cnicas:<\/p>\n<p>\u2022Reanimaci\u00f3n cardiopulmonar<br \/>\n\u2022Maniobra de Heimlich<br \/>\n\u2022Uso del desfibrilador externo autom\u00e1tico (DEA)<\/p>\n<p>Las jornadas de autocuidado comenzaron a partir de mayo, organizadas por Defensa Civil, y desde julio se realizan en equipo junto a la Secretar\u00eda de Salud.<\/p>\n<p>Hasta el momento se llevaron a cabo 73 encuentros, distribuidos entre clubes, colegios p\u00fablicos y privados, con un resultado parcial de 3.820 vecinas y vecinos capacitados. Adem\u00e1s, comenzaron a dictarse charlas en todos los operativos de Lan\u00fas Tu Gobierno<strong>(VW)<\/strong>.<\/p>\n","protected":false},"excerpt":{"rendered":"<p>Ser\u00e1 este viernes en Lan\u00fas oeste. La capacitaci\u00f3n incluye, entre otras actividades, el uso de un desfibrilador.<\/p>\n","protected":false},"author":3,"featured_media":15867,"comment_status":"closed","ping_status":"closed","sticky":false,"template":"","format":"standard","meta":{"_monsterinsights_skip_tracking":false,"_monsterinsights_sitenote_active":false,"_monsterinsights_sitenote_note":"","_monsterinsights_sitenote_category":0,"footnotes":""},"categories":[8],"tags":[949,583,5052,6731,2042],"class_list":["post-15864","post","type-post","status-publish","format-standard","has-post-thumbnail","hentry","category-interes-general","tag-capacitacion","tag-emergencias","tag-jornada","tag-reanimacion","tag-secretaria-de-salud"],"_links":{"self":[{"href":"https:\/\/www.visionweb.com.ar\/index.php?rest_route=\/wp\/v2\/posts\/15864","targetHints":{"allow":["GET"]}}],"collection":[{"href":"https:\/\/www.visionweb.com.ar\/index.php?rest_route=\/wp\/v2\/posts"}],"about":[{"href":"https:\/\/www.visionweb.com.ar\/index.php?rest_route=\/wp\/v2\/types\/post"}],"author":[{"embeddable":true,"href":"https:\/\/www.visionweb.com.ar\/index.php?rest_route=\/wp\/v2\/users\/3"}],"replies":[{"embeddable":true,"href":"https:\/\/www.visionweb.com.ar\/index.php?rest_route=%2Fwp%2Fv2%2Fcomments&post=15864"}],"version-history":[{"count":1,"href":"https:\/\/www.visionweb.com.ar\/index.php?rest_route=\/wp\/v2\/posts\/15864\/revisions"}],"predecessor-version":[{"id":15868,"href":"https:\/\/www.visionweb.com.ar\/index.php?rest_route=\/wp\/v2\/posts\/15864\/revisions\/15868"}],"wp:featuredmedia":[{"embeddable":true,"href":"https:\/\/www.visionweb.com.ar\/index.php?rest_route=\/wp\/v2\/media\/15867"}],"wp:attachment":[{"href":"https:\/\/www.visionweb.com.ar\/index.php?rest_route=%2Fwp%2Fv2%2Fmedia&parent=15864"}],"wp:term":[{"taxonomy":"category","embeddable":true,"href":"https:\/\/www.visionweb.com.ar\/index.php?rest_route=%2Fwp%2Fv2%2Fcategories&post=15864"},{"taxonomy":"post_tag","embeddable":true,"href":"https:\/\/www.visionweb.com.ar\/index.php?rest_route=%2Fwp%2Fv2%2Ftags&post=15864"}],"curies":[{"name":"wp","href":"https:\/\/api.w.org\/{rel}","templated":true}]}}