{"id":15862,"date":"2024-09-19T10:55:44","date_gmt":"2024-09-19T13:55:44","guid":{"rendered":"https:\/\/www.visionweb.com.ar\/?p=15862"},"modified":"2024-09-19T10:55:44","modified_gmt":"2024-09-19T13:55:44","slug":"universidades-habra-nuevo-paro-y-marcha-nacional","status":"publish","type":"post","link":"https:\/\/www.visionweb.com.ar\/?p=15862","title":{"rendered":"Universidades: Habr\u00e1 nuevo paro y marcha nacional"},"content":{"rendered":"<p><em><strong>La crisis que se agrava con el proyecto de Presupuesto 2025. Los gremios debatir\u00e1n en plenario las medidas de fuerza que se llevar\u00e1n a cabo la semana que viene, y ya hay fecha para otra gran movilizaci\u00f3n, similar a la del 23 de abril.<\/strong><\/em><!--more--><\/p>\n<p><strong><img loading=\"lazy\" decoding=\"async\" class=\"size-medium wp-image-14259 alignright\" src=\"https:\/\/www.visionweb.com.ar\/wp-content\/uploads\/2024\/04\/UNIVERSIDADES-300x169.png\" alt=\"\" width=\"300\" height=\"169\" srcset=\"https:\/\/www.visionweb.com.ar\/wp-content\/uploads\/2024\/04\/UNIVERSIDADES-300x169.png 300w, https:\/\/www.visionweb.com.ar\/wp-content\/uploads\/2024\/04\/UNIVERSIDADES.png 640w\" sizes=\"auto, (max-width: 300px) 100vw, 300px\" \/>\u00a0\u00a0\u00a0 S<\/strong>e profundiza la crisis que enfrentan las <strong>universidades<\/strong> nacionales frente el anunciado veto por parte del Ejecutivo de la <strong>ley de financiamiento<\/strong> votada la semana pasada en el Senado, y la propuesta del proyecto de <strong>Ley de Presupuesto 2025<\/strong> que present\u00f3 en el Congreso el domingo el presidente Javier Milei.<\/p>\n<p>El Secretario General de la Federaci\u00f3n Nacional de Docentes Universitarios (CONADU), Carlos De Feo,<strong>\u00a0<\/strong>detall\u00f3 a Agencia DIB las<strong> medidas de fuerza que van a discutir los gremios: <\/strong>\u201cTenemos plenario el jueves, pero lo m\u00e1s probable es que salga una votaci\u00f3n de una semana de actividades: visibilizaci\u00f3n, asamblea, abrazos, radio abierta, con apoyo de todos nuestros gremios, para lunes martes y mi\u00e9rcoles de la semana pr\u00f3xima; un paro de 48 horas jueves y viernes; y la marcha del 2 de octubre, una propuesta de CONADU que fueron tomando los otros gremios\u201d, precis\u00f3 De Feo.<\/p>\n<p>La fecha de lo que ser\u00e1 la segunda<strong>\u00a0Marcha Nacional Universitaria<\/strong>\u00a0del a\u00f1o \u201cse calcul\u00f3 en funci\u00f3n de los d\u00edas que ten\u00eda (Javier) Milei para vetar la ley, que ser\u00eda hasta el viernes de la semana que viene, y descontamos un veto por parte del Gobierno, por eso la decisi\u00f3n ya tomada de realizar esta marcha\u201d, indic\u00f3.<\/p>\n<p>Presupuesto 2025: m\u00e1s ajuste<\/p>\n<p>Ante la coyuntura compleja que atraviesa el sector y que se ha visibilizado desde el inicio de clases, el titular de CONADU remarc\u00f3 que \u201cno es una pelea que termine con la ley y el veto, aunque esta ley se aprobara cosa que dudamos bastante, y en caso de que el Congreso ratificara la medida tirando abajo el veto del Presidente, sabemos que Milei no cumplir\u00eda con esa ley\u201d, por lo que\u00a0<strong>\u201cla situaci\u00f3n econ\u00f3mica y financiera de las universidades va a seguir siendo mala\u201d.<\/strong><\/p>\n<p>En esa l\u00ednea, reflexion\u00f3 sobre el proyecto de Ley de Presupuesto 2025. \u201cCon la propuesta de presupuesto que hizo el Ejecutivo, que mand\u00f3 el domingo al Congreso, el presupuesto va a ser la mitad de lo que pidieron los rectores, y es menor que el presupuesto de este a\u00f1o si uno lo ve en funci\u00f3n de la evoluci\u00f3n de la inflaci\u00f3n\u201d, plante\u00f3 De Feo. Y a\u00f1adi\u00f3: \u201c<strong>En ese presupuesto no est\u00e1n mencionando los aumentos salariales de los trabajadores docentes y no docentes<\/strong>,\u00a0<strong>con lo cual nos vuelve a poner en manos de un Gobierno que no negocia,<\/strong>\u00a0<strong>no hay paritarias libres, el gobierno se sienta, anuncia cual va a ser el aumento, generalmente por debajo de la inflaci\u00f3n y firman y te lo pagan<\/strong>, y por m\u00e1s que no estemos de acuerdo termina funcionando ese mecanismo\u201d.<\/p>\n<p>\u201cLa crisis puede ser terminal\u201d<\/p>\n<p>Pensando a futuro, el secretario gremial sostuvo que \u201c<strong>la pelea contin\u00faa porque existe una amenaza a\u00fan peor, que es la del presupuesto 2025<\/strong> y los de los a\u00f1os que siguen, ya que esta es una situaci\u00f3n muy perjudicial que en el tiempo va a ser muy dif\u00edcil poder revertir\u201d.<\/p>\n<p>Sobre la situaci\u00f3n concreta que atraviesa el sector, se\u00f1al\u00f3 que\u00a0<strong>se han perdido muchos docentes y sobre todo matr\u00edcula<\/strong>. \u201cMe atrever\u00eda a decir que la <strong>ca\u00edda de matr\u00edcula no es menor del 20%<\/strong> a la vuelta del receso de invierno, los alumnos que volvieron en agosto fueron much\u00edsimos menos y esto se va profundizando d\u00eda a d\u00eda, porque las becas est\u00e1n congeladas, sobre todo en las universidades a las que asisten los sectores m\u00e1s vulnerables, y lo que est\u00e1 presupuestado nos va a poner en una crisis que en muchos casos puede ser terminal\u201d. <strong>(VW)<\/strong><\/p>\n","protected":false},"excerpt":{"rendered":"<p>La crisis que se agrava con el proyecto de Presupuesto 2025. Los gremios debatir\u00e1n en plenario las medidas de fuerza que se llevar\u00e1n a cabo la semana que viene, y ya hay fecha para&#46;&#46;&#46;<\/p>\n","protected":false},"author":4,"featured_media":14259,"comment_status":"closed","ping_status":"closed","sticky":false,"template":"","format":"standard","meta":{"_monsterinsights_skip_tracking":false,"_monsterinsights_sitenote_active":false,"_monsterinsights_sitenote_note":"","_monsterinsights_sitenote_category":0,"footnotes":""},"categories":[4],"tags":[5142,1026,252,405],"class_list":["post-15862","post","type-post","status-publish","format-standard","has-post-thumbnail","hentry","category-politica","tag-conadu","tag-crisis","tag-paro","tag-universidades"],"_links":{"self":[{"href":"https:\/\/www.visionweb.com.ar\/index.php?rest_route=\/wp\/v2\/posts\/15862","targetHints":{"allow":["GET"]}}],"collection":[{"href":"https:\/\/www.visionweb.com.ar\/index.php?rest_route=\/wp\/v2\/posts"}],"about":[{"href":"https:\/\/www.visionweb.com.ar\/index.php?rest_route=\/wp\/v2\/types\/post"}],"author":[{"embeddable":true,"href":"https:\/\/www.visionweb.com.ar\/index.php?rest_route=\/wp\/v2\/users\/4"}],"replies":[{"embeddable":true,"href":"https:\/\/www.visionweb.com.ar\/index.php?rest_route=%2Fwp%2Fv2%2Fcomments&post=15862"}],"version-history":[{"count":1,"href":"https:\/\/www.visionweb.com.ar\/index.php?rest_route=\/wp\/v2\/posts\/15862\/revisions"}],"predecessor-version":[{"id":15863,"href":"https:\/\/www.visionweb.com.ar\/index.php?rest_route=\/wp\/v2\/posts\/15862\/revisions\/15863"}],"wp:featuredmedia":[{"embeddable":true,"href":"https:\/\/www.visionweb.com.ar\/index.php?rest_route=\/wp\/v2\/media\/14259"}],"wp:attachment":[{"href":"https:\/\/www.visionweb.com.ar\/index.php?rest_route=%2Fwp%2Fv2%2Fmedia&parent=15862"}],"wp:term":[{"taxonomy":"category","embeddable":true,"href":"https:\/\/www.visionweb.com.ar\/index.php?rest_route=%2Fwp%2Fv2%2Fcategories&post=15862"},{"taxonomy":"post_tag","embeddable":true,"href":"https:\/\/www.visionweb.com.ar\/index.php?rest_route=%2Fwp%2Fv2%2Ftags&post=15862"}],"curies":[{"name":"wp","href":"https:\/\/api.w.org\/{rel}","templated":true}]}}