{"id":15860,"date":"2024-09-19T08:52:32","date_gmt":"2024-09-19T11:52:32","guid":{"rendered":"https:\/\/www.visionweb.com.ar\/?p=15860"},"modified":"2024-09-19T08:52:32","modified_gmt":"2024-09-19T11:52:32","slug":"la-justicia-federal-fallo-a-favor-de-los-municipios","status":"publish","type":"post","link":"https:\/\/www.visionweb.com.ar\/?p=15860","title":{"rendered":"La justicia federal fall\u00f3 a favor de los municipios"},"content":{"rendered":"<p><em><strong>El Poder Judicial suspendi\u00f3 la resoluci\u00f3n del Gobierno nacional que imped\u00eda a los municipios cobrar impuestos en los servicios p\u00fablicos.<\/strong><\/em><!--more--><\/p>\n<p><strong><img loading=\"lazy\" decoding=\"async\" class=\"size-medium wp-image-15241 alignright\" src=\"https:\/\/www.visionweb.com.ar\/wp-content\/uploads\/2024\/07\/servicios-agua-luz-300x171.png\" alt=\"\" width=\"300\" height=\"171\" srcset=\"https:\/\/www.visionweb.com.ar\/wp-content\/uploads\/2024\/07\/servicios-agua-luz-300x171.png 300w, https:\/\/www.visionweb.com.ar\/wp-content\/uploads\/2024\/07\/servicios-agua-luz.png 547w\" sizes=\"auto, (max-width: 300px) 100vw, 300px\" \/>E<\/strong>l juez federal de Campana, Adri\u00e1n Gonz\u00e1lez Charvay, dio lugar a un plateo del Municipio de Pilar y suspendi\u00f3 la Resoluci\u00f3n 267\/2024 de la Secretar\u00eda de Comercio e Industria de la Naci\u00f3n, que sacaba de los servicios p\u00fablicos el cobro de tasas municipales.<\/p>\n<p>La medida, en su momento fue anunciada por el ministro de Hacienda, Luis Caputo, y oficializada la semana pasada mediante el Bolet\u00edn Oficial, decisi\u00f3n que gener\u00f3 una fuerte controversia entre los intendentes, que en medio del ajuste del Gobierno nacional ven en esto otra manera de desfinanciamiento.<\/p>\n<p>La medida estableci\u00f3 que \u00abla informaci\u00f3n relacionada con los conceptos contenidos en los comprobantes emitidos por los proveedores de bienes y servicios en el marco de las relaciones de consumo conforme las denomina el Art\u00edculo 3\u00b0 de la Ley N\u00b0 24.240 y sus modificatorias, deber\u00e1n referirse en forma \u00fanica y exclusiva al bien o servicio contratado espec\u00edficamente por el consumidor y suministrado por el proveedor\u00bb.<\/p>\n<p>Adem\u00e1s, fij\u00f3 que podr\u00e1 \u00abcontener sumas o conceptos ajenos a dicho bien o servicio, sin perjuicio de toda otra informaci\u00f3n de car\u00e1cter general que corresponda incluir en el documento emitido, conforme a la norma aplicable\u00bb.<\/p>\n<p>Asimismo, establece sanciones para los municipios que hagan caso omiso a esta medida. \u00abEl incumplimiento a lo establecido en la presente resoluci\u00f3n ser\u00e1 pasible de ser sancionado conforme el r\u00e9gimen de penalidades previsto en la Ley N\u00b0 24.240 y sus modificatorias, y normas reglamentarias\u00bb, sostuvo.<\/p>\n<p>Ante la presentaci\u00f3n de Pilar, la Justicia Federal orden\u00f3 una medida cautelar interina que deja sin efecto la resoluci\u00f3n de Comercio, alegando que la Constituci\u00f3n de la provincia de Buenos Aires faculta a los municipios al cobro de este tipo de tasas. \u00abLa resoluci\u00f3n dictada no ha medido las consecuencias y los derechos individuales que conculca, tales como el derecho a la vida, la salud, la integridad f\u00edsica\u00bb, sostiene el fallo.<\/p>\n<p>El municipio gobernado por Federico Achaval, en su presentaci\u00f3n ante la Justicia, detall\u00f3 el impacto de la medida sobre las arcas de la comuna y remarc\u00f3 su \u00abderecho manifiesto e incuestionable de percibir la Tasa de Servicios Generales (antes Tasa Municipal de Alumbrado P\u00fablico), incorporando la misma a la boleta individual emitida por EDENOR SA, y la Tasa por Vigilancia, Inspecci\u00f3n y Desarrollo de Emprendimientos para la Provisi\u00f3n del Servicio P\u00fablico de Gas por Redes, incluyendo \u00e9sta en la boleta individual emitida Naturgy BAN S.A.\u00bb.<\/p>\n<p>Vale recordar que el Organismo de Control de Energ\u00eda El\u00e9ctrica de la provincia de Buenos Aires (OCEBA) tambi\u00e9n se hab\u00eda pronunciado en favor de Ley N\u00ba 11.769 que habilita la inclusi\u00f3n de tasas municipales en la factura de servicios p\u00fablicos. Asimismo, el gobernador bonaerense, Axel Kicillof, hab\u00eda criticado al Ejecutivo nacional por quitarles recursos a los municipios. \u00abLo que plante\u00f3 el Gobierno es sacar un instrumento que tienen los intendentes para tener mayor cobrabilidad\u00bb, sostuvo<strong>(VW)<\/strong>.<\/p>\n","protected":false},"excerpt":{"rendered":"<p>El Poder Judicial suspendi\u00f3 la resoluci\u00f3n del Gobierno nacional que imped\u00eda a los municipios cobrar impuestos en los servicios p\u00fablicos.<\/p>\n","protected":false},"author":3,"featured_media":15241,"comment_status":"closed","ping_status":"closed","sticky":false,"template":"","format":"standard","meta":{"_monsterinsights_skip_tracking":false,"_monsterinsights_sitenote_active":false,"_monsterinsights_sitenote_note":"","_monsterinsights_sitenote_category":0,"footnotes":""},"categories":[1],"tags":[1279,148,1082,217],"class_list":["post-15860","post","type-post","status-publish","format-standard","has-post-thumbnail","hentry","category-uncategorized","tag-municipales","tag-municipios","tag-servicios","tag-tasas"],"_links":{"self":[{"href":"https:\/\/www.visionweb.com.ar\/index.php?rest_route=\/wp\/v2\/posts\/15860","targetHints":{"allow":["GET"]}}],"collection":[{"href":"https:\/\/www.visionweb.com.ar\/index.php?rest_route=\/wp\/v2\/posts"}],"about":[{"href":"https:\/\/www.visionweb.com.ar\/index.php?rest_route=\/wp\/v2\/types\/post"}],"author":[{"embeddable":true,"href":"https:\/\/www.visionweb.com.ar\/index.php?rest_route=\/wp\/v2\/users\/3"}],"replies":[{"embeddable":true,"href":"https:\/\/www.visionweb.com.ar\/index.php?rest_route=%2Fwp%2Fv2%2Fcomments&post=15860"}],"version-history":[{"count":1,"href":"https:\/\/www.visionweb.com.ar\/index.php?rest_route=\/wp\/v2\/posts\/15860\/revisions"}],"predecessor-version":[{"id":15861,"href":"https:\/\/www.visionweb.com.ar\/index.php?rest_route=\/wp\/v2\/posts\/15860\/revisions\/15861"}],"wp:featuredmedia":[{"embeddable":true,"href":"https:\/\/www.visionweb.com.ar\/index.php?rest_route=\/wp\/v2\/media\/15241"}],"wp:attachment":[{"href":"https:\/\/www.visionweb.com.ar\/index.php?rest_route=%2Fwp%2Fv2%2Fmedia&parent=15860"}],"wp:term":[{"taxonomy":"category","embeddable":true,"href":"https:\/\/www.visionweb.com.ar\/index.php?rest_route=%2Fwp%2Fv2%2Fcategories&post=15860"},{"taxonomy":"post_tag","embeddable":true,"href":"https:\/\/www.visionweb.com.ar\/index.php?rest_route=%2Fwp%2Fv2%2Ftags&post=15860"}],"curies":[{"name":"wp","href":"https:\/\/api.w.org\/{rel}","templated":true}]}}