{"id":15850,"date":"2024-09-18T08:09:49","date_gmt":"2024-09-18T11:09:49","guid":{"rendered":"https:\/\/www.visionweb.com.ar\/?p=15850"},"modified":"2024-09-18T08:11:51","modified_gmt":"2024-09-18T11:11:51","slug":"preocupa-el-crecimiento-de-la-demanda-en-hospitales-publicos-bonaerenses","status":"publish","type":"post","link":"https:\/\/www.visionweb.com.ar\/?p=15850","title":{"rendered":"Preocupa el crecimiento de la demanda en hospitales p\u00fablicos bonaerenses"},"content":{"rendered":"<p><em><strong>Creci\u00f3 un 30% promedio en el primer semestre. La regi\u00f3n sanitaria de Jun\u00edn fue la que m\u00e1s vio incrementar la cantidad de pacientes. Kicillof relaciona la situaci\u00f3n a las subas de medicamentos y prepagas.<\/strong><\/em><!--more--><\/p>\n<p><strong><img loading=\"lazy\" decoding=\"async\" class=\"size-medium wp-image-12059 alignright\" src=\"https:\/\/www.visionweb.com.ar\/wp-content\/uploads\/2023\/10\/HOSPITALES-PUBLICOS-300x155.png\" alt=\"\" width=\"300\" height=\"155\" srcset=\"https:\/\/www.visionweb.com.ar\/wp-content\/uploads\/2023\/10\/HOSPITALES-PUBLICOS-300x155.png 300w, https:\/\/www.visionweb.com.ar\/wp-content\/uploads\/2023\/10\/HOSPITALES-PUBLICOS.png 640w\" sizes=\"auto, (max-width: 300px) 100vw, 300px\" \/>La demanda en hospitales p\u00fablicos bonaerenses se increment\u00f3 fuertemente en el primer semestre de 2024, alcanzando una suba promedio del 30%<\/strong>, seg\u00fan datos oficiales a los que pudo acceder la agencia DIB. La situaci\u00f3n es m\u00e1s cr\u00edtica en el interior provincial.<\/p>\n<p>El escenario fue advertido d\u00edas atr\u00e1s por el gobernador Axel Kicillof en el marco de una conferencia de prensa en la que se\u00f1al\u00f3 que \u201cha crecido much\u00edsimo la necesidad de asistencia en hospitales\u201d de municipios bonaerenses, situaci\u00f3n que relacion\u00f3 a las subas en medicamentos y prepagas que alienta el Gobierno nacional.<\/p>\n<p><strong>\u201cLa provincia y los intendentes reciben cada vez m\u00e1s demanda de atenci\u00f3n sanitaria y medicamentos. La situaci\u00f3n se ha agravado tremendamente.<\/strong>\u00a0Lo intendentes deben obtener recursos para sostener la demanda. Tenemos cada vez menos recursos y m\u00e1s necesidades que atender\u201d, indic\u00f3 Kicillof al hacer referencia a los recortes que le aplica a la Provincia el gobierno de Javier Milei.<\/p>\n<p>Ante la consulta de DIB sobre datos concretos de la suba de demanda en hospitales p\u00fablicos provinciales y municipales, fuentes oficiales y del gremio Cicop se\u00f1alaron que est\u00e1 en un promedio del 30% en la comparativa del primer semestre de 2023 contra igual periodo de 2024. \u201cEl interior es donde m\u00e1s subi\u00f3\u201d, agregaron.<\/p>\n<p>La provincia de Buenos Aires cuenta con doce regiones sanitarias.\u00a0<strong>La suba m\u00e1s fuerte de demanda en hospitales p\u00fablicos se dio en la regi\u00f3n III (que integran Jun\u00edn, Chacabuco, Florentino Ameghino, General Arenales, General Pinto, General Viamonte, Leandro N. Alem Lincoln), alcanzando un 100%.<\/strong><\/p>\n<p>Esta agencia accedi\u00f3 a un informe del Hospital Interzonal General de Agudos (HIGA) \u201cAbraham Pi\u00f1eyro\u201d de Jun\u00edn sobre la situaci\u00f3n particular del nosocomio. All\u00ed, la demanda fue en 2021 de 29.108 y baj\u00f3 a 27.084 en 2022. En tanto, subi\u00f3 en 2023 a 32.154 y en los primeros ocho meses de 2024 llega a 34.421.<\/p>\n<p>Asimismo, llama la atenci\u00f3n otro dato:\u00a0<strong>la cantidad de pacientes mutualizados que se atendieron en el Pi\u00f1eyro se increment\u00f3 en los \u00faltimos dos a\u00f1os.<\/strong>\u00a0En 2023 fueron 11.876 y en 2024 llegan a 12.474 en agosto, contra 10.274 de 2022.<\/p>\n<p>Ayer se conocieron datos similares de Hospital Interzonal General de Agudos (HIGA) Dr. O. Alende de Mar del Plata, de la regi\u00f3n VIII, donde la demanda creci\u00f3 en el \u00faltimo tiempo un 30% y la relaci\u00f3n de pacientes sin mutual y mutualizados pas\u00f3 de 70-30 a 40-60.<\/p>\n<p>Sobre esta situaci\u00f3n, Mat\u00edas Tartara, director del hospital marplatense, advirti\u00f3 que\u00a0<strong>\u201ces algo que se viene dando en toda la Provincia en este contexto de crisis<\/strong>, con los aumentos que est\u00e1n teniendo las obras sociales, y que se est\u00e1 reflejando en nuestro hospital con n\u00fameros concretos\u201d.<\/p>\n<p>El ministro de salud bonaerense, Nicol\u00e1s Kreplak, comparti\u00f3 en sus redes sociales la informaci\u00f3n sobre el HIGA de \u201cLa Feliz\u201d y se\u00f1al\u00f3 que \u201cpasa en Mar del Plata y en cada hospital p\u00fablico\u201d.\u00a0<strong>\u201cObras sociales que no alcanzan a cubrir lo m\u00ednimo e indispensable por el aumento de insumos y medicamentos y prepagas con precios liberados, hacen que la demanda sea mucho mayor\u201d<\/strong>, explic\u00f3.<strong>(VW)<\/strong><\/p>\n","protected":false},"excerpt":{"rendered":"<p>Creci\u00f3 un 30% promedio en el primer semestre. La regi\u00f3n sanitaria de Jun\u00edn fue la que m\u00e1s vio incrementar la cantidad de pacientes. Kicillof relaciona la situaci\u00f3n a las subas de medicamentos y prepagas.<\/p>\n","protected":false},"author":3,"featured_media":12059,"comment_status":"closed","ping_status":"closed","sticky":false,"template":"","format":"standard","meta":{"_monsterinsights_skip_tracking":false,"_monsterinsights_sitenote_active":false,"_monsterinsights_sitenote_note":"","_monsterinsights_sitenote_category":0,"footnotes":""},"categories":[8],"tags":[291,6726,2057,5017],"class_list":["post-15850","post","type-post","status-publish","format-standard","has-post-thumbnail","hentry","category-interes-general","tag-hospitales","tag-mutualizados","tag-pacientes","tag-publicos"],"_links":{"self":[{"href":"https:\/\/www.visionweb.com.ar\/index.php?rest_route=\/wp\/v2\/posts\/15850","targetHints":{"allow":["GET"]}}],"collection":[{"href":"https:\/\/www.visionweb.com.ar\/index.php?rest_route=\/wp\/v2\/posts"}],"about":[{"href":"https:\/\/www.visionweb.com.ar\/index.php?rest_route=\/wp\/v2\/types\/post"}],"author":[{"embeddable":true,"href":"https:\/\/www.visionweb.com.ar\/index.php?rest_route=\/wp\/v2\/users\/3"}],"replies":[{"embeddable":true,"href":"https:\/\/www.visionweb.com.ar\/index.php?rest_route=%2Fwp%2Fv2%2Fcomments&post=15850"}],"version-history":[{"count":1,"href":"https:\/\/www.visionweb.com.ar\/index.php?rest_route=\/wp\/v2\/posts\/15850\/revisions"}],"predecessor-version":[{"id":15851,"href":"https:\/\/www.visionweb.com.ar\/index.php?rest_route=\/wp\/v2\/posts\/15850\/revisions\/15851"}],"wp:featuredmedia":[{"embeddable":true,"href":"https:\/\/www.visionweb.com.ar\/index.php?rest_route=\/wp\/v2\/media\/12059"}],"wp:attachment":[{"href":"https:\/\/www.visionweb.com.ar\/index.php?rest_route=%2Fwp%2Fv2%2Fmedia&parent=15850"}],"wp:term":[{"taxonomy":"category","embeddable":true,"href":"https:\/\/www.visionweb.com.ar\/index.php?rest_route=%2Fwp%2Fv2%2Fcategories&post=15850"},{"taxonomy":"post_tag","embeddable":true,"href":"https:\/\/www.visionweb.com.ar\/index.php?rest_route=%2Fwp%2Fv2%2Ftags&post=15850"}],"curies":[{"name":"wp","href":"https:\/\/api.w.org\/{rel}","templated":true}]}}