{"id":15844,"date":"2024-09-16T20:49:33","date_gmt":"2024-09-16T23:49:33","guid":{"rendered":"https:\/\/www.visionweb.com.ar\/?p=15844"},"modified":"2024-09-16T20:49:33","modified_gmt":"2024-09-16T23:49:33","slug":"programa-capacitarte-lanus-nuevos-cursos-del-rubro-automotriz","status":"publish","type":"post","link":"https:\/\/www.visionweb.com.ar\/?p=15844","title":{"rendered":"Programa Capacitarte Lan\u00fas: Nuevos cursos del rubro automotriz"},"content":{"rendered":"<p><em><strong>El programa ofrece cursos de capacitaci\u00f3n de Electricidad Automotriz y Mec\u00e1nica de Motocicletas. Ya abri\u00f3 la inscripci\u00f3n.<\/strong><\/em><!--more--><\/p>\n<p><strong> <img loading=\"lazy\" decoding=\"async\" class=\"size-medium wp-image-15845 alignright\" src=\"https:\/\/www.visionweb.com.ar\/wp-content\/uploads\/2024\/09\/Capacirtarte-lanus-300x300.jpg\" alt=\"\" width=\"300\" height=\"300\" srcset=\"https:\/\/www.visionweb.com.ar\/wp-content\/uploads\/2024\/09\/Capacirtarte-lanus-300x300.jpg 300w, https:\/\/www.visionweb.com.ar\/wp-content\/uploads\/2024\/09\/Capacirtarte-lanus-150x150.jpg 150w, https:\/\/www.visionweb.com.ar\/wp-content\/uploads\/2024\/09\/Capacirtarte-lanus-80x80.jpg 80w, https:\/\/www.visionweb.com.ar\/wp-content\/uploads\/2024\/09\/Capacirtarte-lanus-320x320.jpg 320w, https:\/\/www.visionweb.com.ar\/wp-content\/uploads\/2024\/09\/Capacirtarte-lanus-65x65.jpg 65w, https:\/\/www.visionweb.com.ar\/wp-content\/uploads\/2024\/09\/Capacirtarte-lanus.jpg 351w\" sizes=\"auto, (max-width: 300px) 100vw, 300px\" \/><\/strong><strong>\u00a0\u00a0 Lan\u00fas Gobierno<\/strong> abri\u00f3 la inscripci\u00f3n de nuevas formaciones en oficios para personas interesadas en adquirir conocimientos sobre el rubro automotriz.<\/p>\n<p>En esta oportunidad, las capacitaciones gratuitas se dictar\u00e1n en el Sindicato de Mec\u00e1nicos y Afines del Transporte Automotor (SMATA), ubicado en Av. Hip\u00f3lito Yrigoyen 2412, Gerli, inform\u00f3 Prensa de Lan\u00fas.<\/p>\n<p>Mediante esta propuesta desarrollada en el marco del Programa Capacitarte Lan\u00fas, las y los vecinos podr\u00e1n profesionalizar sus habilidades o incorporar conocimientos para su desarrollo personal. Las inscripciones se realizan por medio de la p\u00e1gina \u00a0<a href=\"http:\/\/lanus.gob.ar\/capacitarte\">lanus.gob.ar\/capacitarte<\/a>.<\/p>\n<p>Las clases se dar\u00e1n en los siguientes d\u00edas y horarios:<\/p>\n<p><strong>Curso de Electricidad Automotriz<\/strong><\/p>\n<p>Esta capacitaci\u00f3n es para vecinos y vecinas que quieran aprender un oficio. Durante las clases, se formar\u00e1n en electricistas en sistemas y circuitos el\u00e9ctricos de veh\u00edculos de combusti\u00f3n interna.<\/p>\n<ul>\n<li><strong>D\u00edas y horarios: <\/strong>Martes y viernes de 18 a 22 horas<\/li>\n<li><strong>Lugar: <\/strong>SMATA &#8211; Sindicato de Mec\u00e1nicos y Afines del Transporte Automotor (Yrigoyen 2412, Gerli)<\/li>\n<li><strong>Inicio: <\/strong>Martes 24 de septiembre<\/li>\n<li><strong>Duraci\u00f3n: <\/strong>4 meses<\/li>\n<\/ul>\n<p><strong>Curso de Mec\u00e1nica de Motocicletas:<\/strong><\/p>\n<p>Esta cursada est\u00e1 dise\u00f1ada para personas que quieran formarse como mec\u00e1nicos y mec\u00e1nicas de motocicletas y ciclomotores de veh\u00edculos de combusti\u00f3n interna. Las y los alumnos aprender\u00e1n a realizar diagn\u00f3sticos, reparaciones y a mantener sistemas de encendido y alimentaci\u00f3n de combustible.<\/p>\n<ul>\n<li><strong>D\u00edas y horarios: <\/strong>Lunes y jueves \u00a0de 18 a 22 horas<\/li>\n<li><strong>Lugar: <\/strong>SMATA &#8211; Sindicato de Mec\u00e1nicos y Afines del Transporte Automotor (Yrigoyen 2412, Gerli)<\/li>\n<li><strong>Inicio: <\/strong>Lunes 23 de septiembre<\/li>\n<li><strong>Duraci\u00f3n: <\/strong>4 meses.<\/li>\n<\/ul>\n<p>Desde\u00a0abril, el Municipio contin\u00faa brindando diversos cursos de capacitaci\u00f3n con un alto nivel de convocatoria. <strong>(VW)<\/strong><\/p>\n","protected":false},"excerpt":{"rendered":"<p>El programa ofrece cursos de capacitaci\u00f3n de Electricidad Automotriz y Mec\u00e1nica de Motocicletas. Ya abri\u00f3 la inscripci\u00f3n.<\/p>\n","protected":false},"author":4,"featured_media":15845,"comment_status":"closed","ping_status":"closed","sticky":false,"template":"","format":"standard","meta":{"_monsterinsights_skip_tracking":false,"_monsterinsights_sitenote_active":false,"_monsterinsights_sitenote_note":"","_monsterinsights_sitenote_category":0,"footnotes":""},"categories":[8],"tags":[6723,6109,6725,6724],"class_list":["post-15844","post","type-post","status-publish","format-standard","has-post-thumbnail","hentry","category-interes-general","tag-crusos-capacitacion","tag-lanus-gobierno","tag-programa-capacitarte","tag-rubro-automotriz"],"_links":{"self":[{"href":"https:\/\/www.visionweb.com.ar\/index.php?rest_route=\/wp\/v2\/posts\/15844","targetHints":{"allow":["GET"]}}],"collection":[{"href":"https:\/\/www.visionweb.com.ar\/index.php?rest_route=\/wp\/v2\/posts"}],"about":[{"href":"https:\/\/www.visionweb.com.ar\/index.php?rest_route=\/wp\/v2\/types\/post"}],"author":[{"embeddable":true,"href":"https:\/\/www.visionweb.com.ar\/index.php?rest_route=\/wp\/v2\/users\/4"}],"replies":[{"embeddable":true,"href":"https:\/\/www.visionweb.com.ar\/index.php?rest_route=%2Fwp%2Fv2%2Fcomments&post=15844"}],"version-history":[{"count":1,"href":"https:\/\/www.visionweb.com.ar\/index.php?rest_route=\/wp\/v2\/posts\/15844\/revisions"}],"predecessor-version":[{"id":15846,"href":"https:\/\/www.visionweb.com.ar\/index.php?rest_route=\/wp\/v2\/posts\/15844\/revisions\/15846"}],"wp:featuredmedia":[{"embeddable":true,"href":"https:\/\/www.visionweb.com.ar\/index.php?rest_route=\/wp\/v2\/media\/15845"}],"wp:attachment":[{"href":"https:\/\/www.visionweb.com.ar\/index.php?rest_route=%2Fwp%2Fv2%2Fmedia&parent=15844"}],"wp:term":[{"taxonomy":"category","embeddable":true,"href":"https:\/\/www.visionweb.com.ar\/index.php?rest_route=%2Fwp%2Fv2%2Fcategories&post=15844"},{"taxonomy":"post_tag","embeddable":true,"href":"https:\/\/www.visionweb.com.ar\/index.php?rest_route=%2Fwp%2Fv2%2Ftags&post=15844"}],"curies":[{"name":"wp","href":"https:\/\/api.w.org\/{rel}","templated":true}]}}