{"id":15841,"date":"2024-09-17T08:44:58","date_gmt":"2024-09-17T11:44:58","guid":{"rendered":"https:\/\/www.visionweb.com.ar\/?p=15841"},"modified":"2024-09-17T08:44:58","modified_gmt":"2024-09-17T11:44:58","slug":"el-eclipse-parcial-de-luna-podra-observarse-este-martes-en-todo-el-pais","status":"publish","type":"post","link":"https:\/\/www.visionweb.com.ar\/?p=15841","title":{"rendered":"El eclipse parcial de Luna podr\u00e1 observarse este martes en todo el pa\u00eds"},"content":{"rendered":"<p><strong><em>La Tierra se ubicar\u00e1 entre el Sol y la Luna llena, pero no quedar\u00e1 del todo alineada, por lo que no tapar\u00e1 de manera completa al sat\u00e9lite natural.\u00a0<\/em><\/strong><!--more--><\/p>\n<p><strong> <img loading=\"lazy\" decoding=\"async\" class=\"size-medium wp-image-15842 alignright\" src=\"https:\/\/www.visionweb.com.ar\/wp-content\/uploads\/2024\/09\/eclipse-lunar-parcial-300x215.png\" alt=\"\" width=\"300\" height=\"215\" srcset=\"https:\/\/www.visionweb.com.ar\/wp-content\/uploads\/2024\/09\/eclipse-lunar-parcial-300x215.png 300w, https:\/\/www.visionweb.com.ar\/wp-content\/uploads\/2024\/09\/eclipse-lunar-parcial.png 511w\" sizes=\"auto, (max-width: 300px) 100vw, 300px\" \/>\u00a0\u00a0\u00a0 E<\/strong>ste martes por la noche podr\u00e1 observarse en el cielo de todo el pa\u00eds el tercer eclipse del a\u00f1o, que en este caso,\u00a0<strong>se trata de un eclipse lunar parcial que durar\u00e1 m\u00e1s de cuatro horas.\u00a0<\/strong><\/p>\n<p>La Tierra se ubicar\u00e1 entre el Sol y la Luna llena, pero no quedar\u00e1 del todo alineada, por lo que no tapar\u00e1 de manera completa al sat\u00e9lite natural, inform\u00f3 Agencia Dib.<\/p>\n<p><strong>A simple vista, se podr\u00e1 observar c\u00f3mo una parte de la Luna se va volviendo m\u00e1s oscura y esa sombra ir\u00e1 tomando diferentes formas.<\/strong>\u00a0Adem\u00e1s, podr\u00eda adquirir una tonalidad rojiza, suavizando el borde de la sombra del planeta y dando a la Luna un profundo brillo rosado.<\/p>\n<p>Gran parte de la poblaci\u00f3n mundial podr\u00e1 contemplar este eclipse. En el pa\u00eds,\u00a0<strong>podr\u00e1 verse desde cualquier punto del territorio, a partir de las 21.41 y hasta la madrugada del mi\u00e9rcoles 18, con punto m\u00e1ximo punto de cobertura a las 23.44.<\/strong><\/p>\n<p>El eclipse tendr\u00e1 diferentes fases:<\/p>\n<p>\u2013 Primer contacto de la penumbra (P1): la Luna comienza a adentrarse en la penumbra de la Tierra. Se considera que es el inicio del eclipse y de la primera fase penumbral.<\/p>\n<p>\u2013 Segundo contacto de la penumbra: el sat\u00e9lite natural se adentra totalmente en la penumbra de nuestro planeta.<\/p>\n<p>\u2013 Primer contacto de la sombra (U1): se adentra en la sombra de la Tierra. Se trata del fin de la fase penumbra y el inicio de la primera fase de parcialidad.<\/p>\n<p>\u2013 Cuarto contacto de la sombra (U4): la Luna emerge por completo de la sombra de la Tierra. Se finaliza la fase de parcialidad e inicio de la segunda fase penumbral.<\/p>\n<p>\u2013 Tercer contacto de la penumbra: el cuerpo celeste comienza a salir de la penumbra de nuestro planeta.<\/p>\n<p>\u2013 Cuarto contacto de la penumbra (P4): la Luna sale por completo de la penumbra de la Tierra. Es el final de la fase penumbral y del eclipse. <strong>(VW)<\/strong><\/p>\n","protected":false},"excerpt":{"rendered":"<p>La Tierra se ubicar\u00e1 entre el Sol y la Luna llena, pero no quedar\u00e1 del todo alineada, por lo que no tapar\u00e1 de manera completa al sat\u00e9lite natural.\u00a0<\/p>\n","protected":false},"author":4,"featured_media":15842,"comment_status":"closed","ping_status":"closed","sticky":false,"template":"","format":"standard","meta":{"_monsterinsights_skip_tracking":false,"_monsterinsights_sitenote_active":false,"_monsterinsights_sitenote_note":"","_monsterinsights_sitenote_category":0,"footnotes":""},"categories":[8],"tags":[6721,6722],"class_list":["post-15841","post","type-post","status-publish","format-standard","has-post-thumbnail","hentry","category-interes-general","tag-eclipse-lunar-parcial","tag-martes-17-de-septiembre"],"_links":{"self":[{"href":"https:\/\/www.visionweb.com.ar\/index.php?rest_route=\/wp\/v2\/posts\/15841","targetHints":{"allow":["GET"]}}],"collection":[{"href":"https:\/\/www.visionweb.com.ar\/index.php?rest_route=\/wp\/v2\/posts"}],"about":[{"href":"https:\/\/www.visionweb.com.ar\/index.php?rest_route=\/wp\/v2\/types\/post"}],"author":[{"embeddable":true,"href":"https:\/\/www.visionweb.com.ar\/index.php?rest_route=\/wp\/v2\/users\/4"}],"replies":[{"embeddable":true,"href":"https:\/\/www.visionweb.com.ar\/index.php?rest_route=%2Fwp%2Fv2%2Fcomments&post=15841"}],"version-history":[{"count":1,"href":"https:\/\/www.visionweb.com.ar\/index.php?rest_route=\/wp\/v2\/posts\/15841\/revisions"}],"predecessor-version":[{"id":15843,"href":"https:\/\/www.visionweb.com.ar\/index.php?rest_route=\/wp\/v2\/posts\/15841\/revisions\/15843"}],"wp:featuredmedia":[{"embeddable":true,"href":"https:\/\/www.visionweb.com.ar\/index.php?rest_route=\/wp\/v2\/media\/15842"}],"wp:attachment":[{"href":"https:\/\/www.visionweb.com.ar\/index.php?rest_route=%2Fwp%2Fv2%2Fmedia&parent=15841"}],"wp:term":[{"taxonomy":"category","embeddable":true,"href":"https:\/\/www.visionweb.com.ar\/index.php?rest_route=%2Fwp%2Fv2%2Fcategories&post=15841"},{"taxonomy":"post_tag","embeddable":true,"href":"https:\/\/www.visionweb.com.ar\/index.php?rest_route=%2Fwp%2Fv2%2Ftags&post=15841"}],"curies":[{"name":"wp","href":"https:\/\/api.w.org\/{rel}","templated":true}]}}