{"id":15839,"date":"2024-09-17T08:45:53","date_gmt":"2024-09-17T11:45:53","guid":{"rendered":"https:\/\/www.visionweb.com.ar\/?p=15839"},"modified":"2024-09-17T08:45:53","modified_gmt":"2024-09-17T11:45:53","slug":"ya-es-esencial-el-transporte-aerocomercial-se-reglamento-el-decreto-del-gobierno","status":"publish","type":"post","link":"https:\/\/www.visionweb.com.ar\/?p=15839","title":{"rendered":"Ya es esencial el transporte aerocomercial: Se reglament\u00f3 el decreto del Gobierno"},"content":{"rendered":"<p><strong><em>El objetivo es garantizar que haya un servicio m\u00ednimo para la poblaci\u00f3n en d\u00edas de medidas de fuerza.<\/em><\/strong><!--more--><\/p>\n<p><strong> <img loading=\"lazy\" decoding=\"async\" class=\"size-medium wp-image-13818 alignright\" src=\"https:\/\/www.visionweb.com.ar\/wp-content\/uploads\/2024\/03\/aerolineas-300x249.png\" alt=\"\" width=\"300\" height=\"249\" srcset=\"https:\/\/www.visionweb.com.ar\/wp-content\/uploads\/2024\/03\/aerolineas-300x249.png 300w, https:\/\/www.visionweb.com.ar\/wp-content\/uploads\/2024\/03\/aerolineas.png 393w\" sizes=\"auto, (max-width: 300px) 100vw, 300px\" \/>\u00a0\u00a0\u00a0 E<\/strong>l Gobierno reglament\u00f3 la\u00a0<strong>esencialidad del transporte comercial<\/strong>\u00a0en todo el territorio argentino, en medio del conflicto gremial que origin\u00f3 una serie de paros del sector para pedir mejores salarios.<\/p>\n<p>La medida reglamenta lo dispuesto en el\u00a0<strong>mega DNU 70\/23<\/strong>\u00a0publicado en diciembre del a\u00f1o pasado, en el que se habilita la inclusi\u00f3n del sector aerocomercial dentro de la\u00a0<strong>calificaci\u00f3n como \u201cesencial\u201d<\/strong>\u00a0para\u00a0<strong>garantizar una cobertura<\/strong>\u00a0<strong>del servicio<\/strong>\u00a0e impedir la paralizaci\u00f3n ante medidas de fuerza.<\/p>\n<p>El Presidente,\u00a0<strong>Javier Milei<\/strong>, hab\u00eda firmado ese documento el pasado jueves, horas antes de una nueva medida de fuerza por 24 horas que se extendi\u00f3 desde las 12 del viernes e impact\u00f3 en m\u00e1s de 300 vuelos y dej\u00f3 a unos 37.000 pasajeros sin poder viajar.<\/p>\n<p>Los\u00a0<strong>gremios aeron\u00e1uticos avisaron<\/strong>\u00a0hace una semana que, si el Gobierno avanzaba en su intenci\u00f3n de declarar esencial el transporte aerocomercial,\u00a0<strong>los funcionarios podr\u00edan terminar presos<\/strong>\u00a0porque ser\u00eda \u201cuna decisi\u00f3n arbitraria e ilegal\u201d.<\/p>\n<p>Con la esencialidad, el objetivo de la cartera a cargo de Sandra Pettovello era garantizar que haya un servicio m\u00ednimo para la poblaci\u00f3n en d\u00edas de medidas de fuerza.<\/p>\n<p>En ese sentido, otra normativa tambi\u00e9n oficializada el lunes, la 831\/2024,\u00a0<strong>estableci\u00f3 \u201cun par\u00e1metro porcentual para la determinaci\u00f3n de los servicios m\u00ednimos<\/strong>\u00a0que se mantendr\u00e1n durante el conflicto, cuando no resultare posible un acuerdo entre las partes involucradas o los servicios m\u00ednimos informados resultaren insuficientes\u201d.<\/p>\n<p><strong>Qu\u00e9 dice la reglamentaci\u00f3n<\/strong><\/p>\n<p>Con la firma de Milei<strong>,<\/strong>\u00a0el Ejecutivo reglament\u00f3 el art\u00edculo 2\u00b0 de la Ley N\u00ba 17.285 que se\u00f1ala que \u201ccumplida la obligaci\u00f3n impuesta por el art\u00edculo 2\u00ba de la Ley N\u00ba 14.786 y vencido el plazo de QUINCE (15) d\u00edas previsto en el art\u00edculo 11 de la referida ley, la parte que se propusiere ejercer medidas de acci\u00f3n directa que involucren a la actividad aeron\u00e1utica civil aerocomercial debe preavisarlo a la otra parte y a la Autoridad de Aplicaci\u00f3n en forma fehaciente y con al menos CINCO (5) d\u00edas de anticipaci\u00f3n a la fecha en que se realizar\u00e1 la medida\u201d.<\/p>\n<p>Adem\u00e1s, indica que \u201cen un plazo de VEINTICUATRO (24) horas de notificada la comunicaci\u00f3n referida en el art\u00edculo 2\u00b0 del presente Anexo, las partes deber\u00e1n ponerse de acuerdo sobre los servicios m\u00ednimos que se mantendr\u00e1n durante el conflicto y las modalidades de su ejecuci\u00f3n, se\u00f1alando concreta y detalladamente la forma en que se ejecutar\u00e1n las prestaciones, incluyendo la designaci\u00f3n del personal involucrado\u201d.<\/p>\n<p>Asimismo, aclaran que si una vez agotado dicho t\u00e9rmino \u201cel acuerdo no fuere posible o los<strong>\u00a0servicios m\u00ednimos\u00a0<\/strong>informados resultaren insuficientes, la determinaci\u00f3n de las materias enumeradas precedentemente ser\u00e1 efectivizada en el t\u00e9rmino de CUARENTA Y OCHO (48) horas por la Autoridad de Aplicaci\u00f3n, que notificar\u00e1 e intimar\u00e1 a las partes a su cumplimiento\u201d.<\/p>\n<p>Ante ese escenario, se deber\u00e1 tener en cuenta \u201cpara la determinaci\u00f3n de los<strong>\u00a0servicios m\u00ednimos un porcentaje que en ning\u00fan caso podr\u00e1 resultar inferior al CINCUENTA POR CIENTO (50 %)<\/strong>\u00a0respecto de la actividad o prestaci\u00f3n normal y regular de los servicios\u201d, teniendo en cuenta \u201cuna escala gradual sobre la base de la duraci\u00f3n y extensi\u00f3n acumulada del per\u00edodo de huelga y del conflicto colectivo de trabajo, garantizando la conectividad en las rutas que contaren con un solo servicio\u201d.<\/p>\n<p>Pese a la decisi\u00f3n del<strong>\u00a0Gobierno de declarar al sector como \u201cesencial\u201d<\/strong>, la Asociaci\u00f3n del Personal Aeron\u00e1utico (APA), la Asociaci\u00f3n de Pilotos de L\u00edneas A\u00e9reas (APLA), la Uni\u00f3n del Personal Superior y Profesional de Empresas Aerocomerciales (UPSA) y la Asociaci\u00f3n Argentina de Aeronavegantes (AAA) lanzaron un comunicado remarcando que el cometido del Ministerio a cargo de Sandra Pettovello comprometer\u00eda \u201cla responsabilidad administrativa y penal de los funcionarios que participen de la misma\u201d.<\/p>\n<p>El\u00a0<strong>conflicto gira alrededor de una paritaria salarial<\/strong>\u00a0por los sueldos de Aerol\u00edneas en la cual los pilotos reclaman una recomposici\u00f3n del 70% y los tripulantes de a bordo piden un piso de aumento del 25%. Aerol\u00edneas y la Secretar\u00eda de Transporte ofertaron un 10,8% acumulado para el per\u00edodo junio-agosto. <strong>(VW)<\/strong><\/p>\n<p>&nbsp;<\/p>\n","protected":false},"excerpt":{"rendered":"<p>El objetivo es garantizar que haya un servicio m\u00ednimo para la poblaci\u00f3n en d\u00edas de medidas de fuerza.<\/p>\n","protected":false},"author":4,"featured_media":13818,"comment_status":"closed","ping_status":"closed","sticky":false,"template":"","format":"standard","meta":{"_monsterinsights_skip_tracking":false,"_monsterinsights_sitenote_active":false,"_monsterinsights_sitenote_note":"","_monsterinsights_sitenote_category":0,"footnotes":""},"categories":[4],"tags":[6720,3791,6719],"class_list":["post-15839","post","type-post","status-publish","format-standard","has-post-thumbnail","hentry","category-politica","tag-esencial","tag-reglamentacion","tag-transporte-aerocomercial"],"_links":{"self":[{"href":"https:\/\/www.visionweb.com.ar\/index.php?rest_route=\/wp\/v2\/posts\/15839","targetHints":{"allow":["GET"]}}],"collection":[{"href":"https:\/\/www.visionweb.com.ar\/index.php?rest_route=\/wp\/v2\/posts"}],"about":[{"href":"https:\/\/www.visionweb.com.ar\/index.php?rest_route=\/wp\/v2\/types\/post"}],"author":[{"embeddable":true,"href":"https:\/\/www.visionweb.com.ar\/index.php?rest_route=\/wp\/v2\/users\/4"}],"replies":[{"embeddable":true,"href":"https:\/\/www.visionweb.com.ar\/index.php?rest_route=%2Fwp%2Fv2%2Fcomments&post=15839"}],"version-history":[{"count":1,"href":"https:\/\/www.visionweb.com.ar\/index.php?rest_route=\/wp\/v2\/posts\/15839\/revisions"}],"predecessor-version":[{"id":15840,"href":"https:\/\/www.visionweb.com.ar\/index.php?rest_route=\/wp\/v2\/posts\/15839\/revisions\/15840"}],"wp:featuredmedia":[{"embeddable":true,"href":"https:\/\/www.visionweb.com.ar\/index.php?rest_route=\/wp\/v2\/media\/13818"}],"wp:attachment":[{"href":"https:\/\/www.visionweb.com.ar\/index.php?rest_route=%2Fwp%2Fv2%2Fmedia&parent=15839"}],"wp:term":[{"taxonomy":"category","embeddable":true,"href":"https:\/\/www.visionweb.com.ar\/index.php?rest_route=%2Fwp%2Fv2%2Fcategories&post=15839"},{"taxonomy":"post_tag","embeddable":true,"href":"https:\/\/www.visionweb.com.ar\/index.php?rest_route=%2Fwp%2Fv2%2Ftags&post=15839"}],"curies":[{"name":"wp","href":"https:\/\/api.w.org\/{rel}","templated":true}]}}