{"id":15833,"date":"2024-09-16T19:45:21","date_gmt":"2024-09-16T22:45:21","guid":{"rendered":"https:\/\/www.visionweb.com.ar\/?p=15833"},"modified":"2024-09-16T19:45:21","modified_gmt":"2024-09-16T22:45:21","slug":"bancarios-acordaron-otro-aumento-y-el-sueldo-minimo-supera-los-14-millones","status":"publish","type":"post","link":"https:\/\/www.visionweb.com.ar\/?p=15833","title":{"rendered":"Bancarios: Acordaron otro aumento y el sueldo m\u00ednimo supera los $1,4 millones"},"content":{"rendered":"<p><em><strong>El gremio de los bancarios cerr\u00f3 otro tramo de la paritaria en y acumula una suba del 94,8% en lo que va del a\u00f1o. Tambi\u00e9n elev\u00f3 el s\u00faper bono por el d\u00eda del bancario.<\/strong><\/em><!--more--><\/p>\n<p><strong> <img loading=\"lazy\" decoding=\"async\" class=\"size-medium wp-image-15834 alignright\" src=\"https:\/\/www.visionweb.com.ar\/wp-content\/uploads\/2024\/09\/la-bancaria-300x169.png\" alt=\"\" width=\"300\" height=\"169\" srcset=\"https:\/\/www.visionweb.com.ar\/wp-content\/uploads\/2024\/09\/la-bancaria-300x169.png 300w, https:\/\/www.visionweb.com.ar\/wp-content\/uploads\/2024\/09\/la-bancaria.png 373w\" sizes=\"auto, (max-width: 300px) 100vw, 300px\" \/>\u00a0\u00a0\u00a0 L<\/strong>a <strong>Asociaci\u00f3n Bancaria<\/strong> acord\u00f3 con las c\u00e1maras empresarias que aglutinan a bancos un incremento del 4,2% por agosto, por el cual el salario inicial de los trabajadores del sector llegar\u00e1 a $ 1.455.388.<\/p>\n<p>La organizaci\u00f3n gremial se\u00f1al\u00f3 en un comunicado que \u201cen el d\u00eda de la fecha hemos acordado con las c\u00e1maras empresarias un aumento salarial que ser\u00e1 equivalente a la inflaci\u00f3n del mes de agosto, sobre los sueldos de julio, para todas las remuneraciones mensuales brutas, normales, habituales y totales, remunerativas y no remunerativas, incluyendo los adicionales convencionales y no convencionales\u201d.<\/p>\n<p>De esta manera, detall\u00f3 La Bancaria, \u201cse deber\u00e1 <strong>abonar la diferencia que surja entre la inflaci\u00f3n acumulada entre los meses de enero a agosto 2024<\/strong> inclusive (94,8%), tomando como referencia los salarios de diciembre 2023, y los incrementos ya otorgados en el 2024\u201d.<\/p>\n<p><strong>La paritaria en n\u00fameros:<\/strong><\/p>\n<p>El <strong>salario m\u00ednimo<\/strong> de los bancarios ascender\u00e1 a<strong>\u00a0$ 1.404.633,01 m\u00e1s $ 50.755,64<\/strong>\u00a0en concepto de participaci\u00f3n por ganancias.<\/p>\n<p>El incremento alcanzado representa un<strong>\u00a04,2% con<\/strong>\u00a0<strong>respecto al mes de julio y\u00a0<\/strong>deber\u00e1 ser abonado junto con los salarios del mes de septiembre.<\/p>\n<p>Adem\u00e1s, tendr\u00e1n un s\u00faper bono por el D\u00eda del Bancario de<strong>\u00a0$ 1 .252.1 81 ,74<\/strong>\u00a0a corregir por inflaci\u00f3n. <strong>(VW)<\/strong><\/p>\n<p>&nbsp;<\/p>\n","protected":false},"excerpt":{"rendered":"<p>El gremio de los bancarios cerr\u00f3 otro tramo de la paritaria en y acumula una suba del 94,8% en lo que va del a\u00f1o. Tambi\u00e9n elev\u00f3 el s\u00faper bono por el d\u00eda del bancario.<\/p>\n","protected":false},"author":4,"featured_media":15834,"comment_status":"closed","ping_status":"closed","sticky":false,"template":"","format":"standard","meta":{"_monsterinsights_skip_tracking":false,"_monsterinsights_sitenote_active":false,"_monsterinsights_sitenote_note":"","_monsterinsights_sitenote_category":0,"footnotes":""},"categories":[6,4],"tags":[4959,1248,158],"class_list":["post-15833","post","type-post","status-publish","format-standard","has-post-thumbnail","hentry","category-economia","category-politica","tag-bancarios","tag-bono","tag-paritarias"],"_links":{"self":[{"href":"https:\/\/www.visionweb.com.ar\/index.php?rest_route=\/wp\/v2\/posts\/15833","targetHints":{"allow":["GET"]}}],"collection":[{"href":"https:\/\/www.visionweb.com.ar\/index.php?rest_route=\/wp\/v2\/posts"}],"about":[{"href":"https:\/\/www.visionweb.com.ar\/index.php?rest_route=\/wp\/v2\/types\/post"}],"author":[{"embeddable":true,"href":"https:\/\/www.visionweb.com.ar\/index.php?rest_route=\/wp\/v2\/users\/4"}],"replies":[{"embeddable":true,"href":"https:\/\/www.visionweb.com.ar\/index.php?rest_route=%2Fwp%2Fv2%2Fcomments&post=15833"}],"version-history":[{"count":1,"href":"https:\/\/www.visionweb.com.ar\/index.php?rest_route=\/wp\/v2\/posts\/15833\/revisions"}],"predecessor-version":[{"id":15835,"href":"https:\/\/www.visionweb.com.ar\/index.php?rest_route=\/wp\/v2\/posts\/15833\/revisions\/15835"}],"wp:featuredmedia":[{"embeddable":true,"href":"https:\/\/www.visionweb.com.ar\/index.php?rest_route=\/wp\/v2\/media\/15834"}],"wp:attachment":[{"href":"https:\/\/www.visionweb.com.ar\/index.php?rest_route=%2Fwp%2Fv2%2Fmedia&parent=15833"}],"wp:term":[{"taxonomy":"category","embeddable":true,"href":"https:\/\/www.visionweb.com.ar\/index.php?rest_route=%2Fwp%2Fv2%2Fcategories&post=15833"},{"taxonomy":"post_tag","embeddable":true,"href":"https:\/\/www.visionweb.com.ar\/index.php?rest_route=%2Fwp%2Fv2%2Ftags&post=15833"}],"curies":[{"name":"wp","href":"https:\/\/api.w.org\/{rel}","templated":true}]}}