{"id":15820,"date":"2024-09-13T12:01:44","date_gmt":"2024-09-13T15:01:44","guid":{"rendered":"https:\/\/www.visionweb.com.ar\/?p=15820"},"modified":"2024-09-13T12:01:44","modified_gmt":"2024-09-13T15:01:44","slug":"kicillof-en-el-congreso-metalurgico-no-hay-negocio-que-aguante-con-este-esquema","status":"publish","type":"post","link":"https:\/\/www.visionweb.com.ar\/?p=15820","title":{"rendered":"Kicillof en el Congreso Metal\u00fargico: \u201cNo hay negocio que aguante con este esquema\u201d"},"content":{"rendered":"<p><em><strong>El Gobernador de la provincia de Buenos Aires, Axel Kicillof, disert\u00f3 en el primer Congreso Metal\u00fargico Latinoamericano. \u201cHay una cat\u00e1strofe industrial y Milei parece disfrutarlo\u201d, dijo.<\/strong><\/em><!--more--><\/p>\n<div id=\"attachment_15821\" style=\"width: 310px\" class=\"wp-caption alignright\"><img loading=\"lazy\" decoding=\"async\" aria-describedby=\"caption-attachment-15821\" class=\"wp-image-15821 size-medium\" src=\"https:\/\/www.visionweb.com.ar\/wp-content\/uploads\/2024\/09\/kicillo-congr.-metalurgico-300x194.png\" alt=\"\" width=\"300\" height=\"194\" srcset=\"https:\/\/www.visionweb.com.ar\/wp-content\/uploads\/2024\/09\/kicillo-congr.-metalurgico-300x194.png 300w, https:\/\/www.visionweb.com.ar\/wp-content\/uploads\/2024\/09\/kicillo-congr.-metalurgico.png 570w\" sizes=\"auto, (max-width: 300px) 100vw, 300px\" \/><p id=\"caption-attachment-15821\" class=\"wp-caption-text\">\u201cEl Gobierno que encabezo es industrialista\u201d, dijo Kicillof en su disertaci\u00f3n.<\/p><\/div>\n<p><strong>E<\/strong>l<strong>\u00a0Gobernador de la provincia de Buenos Aires<\/strong> <strong>Axel Kicillof<\/strong>,\u00a0disert\u00f3 ayer jueves en el <strong>primer<\/strong>\u00a0<strong>Congreso Metal\u00fargico Latinoamericano<\/strong>\u00a0en el que cuestion\u00f3 severamente contra las medidas del\u00a0<strong>Gobierno nacional<\/strong>\u00a0de\u00a0<strong>Javier Milei\u00a0<\/strong>que, seg\u00fan detall\u00f3, perjudican al sector productivo del pa\u00eds, lo cual se ve reflejado en los registros que relev\u00f3 la industria.<\/p>\n<p>\u201c<strong>Estamos observando una cat\u00e1strofe industrial, con el agravante de que las m\u00e1ximas autoridades nacionales no piensan hacer nada al respecto; a veces parecen disfrutar que haya una ca\u00edda de esta magnitud en la industria argentina<\/strong>\u201d, advirti\u00f3 el\u00a0<strong>Gobernador bonaerense\u00a0<\/strong>ante el grupo de empresarios, inform\u00f3 Diputados bonaerenses.<\/p>\n<p>El Congreso de\u00a0<strong><a href=\"https:\/\/www.adimra.org.ar\/\">ADMIRA\u00a0<\/a><\/strong> cuenta con representantes de\u00a0<strong>Brasil<\/strong>,\u00a0<strong>Paraguay<\/strong>,\u00a0<strong>Uruguay<\/strong>,\u00a0<strong>Per\u00fa<\/strong>,\u00a0<strong>Colombia<\/strong>,\u00a0<strong>M\u00e9xico\u00a0<\/strong>y\u00a0<strong>Ecuador<\/strong>, y tiene cuatro ejes tem\u00e1ticos fundamentales que apuntan al fortalecimiento de encadenamientos productivos e integraci\u00f3n regional, la sustentabilidad y transici\u00f3n energ\u00e9tica, al futuro de la industria y a la innovaci\u00f3n y desarrollo tecnol\u00f3gico.<\/p>\n<p>Desde\u00a0<strong>ADMIRA\u00a0<\/strong>destacaron que la\u00a0<strong>provincia de Buenos Aires<\/strong>\u00a0es la m\u00e1s relevante como actor en el sector\u00a0<strong>metal\u00fargico\u00a0<\/strong>argentino, dado que <strong>a nivel productivo representa m\u00e1s del 60% de la industria<\/strong> nacional y ocupa m\u00e1s de 150 mil empleos directos.<\/p>\n<p>El\u00a0<strong>Gobernador\u00a0<\/strong>en su disertaci\u00f3n, record\u00f3 la validaci\u00f3n que recibi\u00f3 su\u00a0<strong>Ejecutivo\u00a0<\/strong>luego de las \u00faltimas elecciones en la que fue reelecto con el 44% de los votos, y se\u00f1al\u00f3 que <strong>tienen como prioridades la producci\u00f3n, el trabajo y la protecci\u00f3n industrial. \u201cEl\u00a0Gobierno\u00a0que encabezo es industrialista\u201d<\/strong>, asever\u00f3.<\/p>\n<p>En este contexto,\u00a0<strong>Kicillof\u00a0<\/strong>inform\u00f3 que la ca\u00edda de la producci\u00f3n en el pa\u00eds es del 12% y que, si bien el\u00a0<strong>Gobierno nacional\u00a0<\/strong>apunta a fomentar las inversiones, la realidad es que el 50% de las m\u00e1quinas est\u00e1n paradas, y agreg\u00f3 que el plan de\u00a0<strong>Milei\u00a0<\/strong>es bajar los salarios, crear un cr\u00e9dito inaccesible, dolarizar las tarifas y abrir las importaciones, lo cual <strong>\u201cfunde a la industria\u201d<\/strong>. \u201c<strong>No hay negocio que aguante con ese esquema<\/strong>\u201d, asegur\u00f3.<\/p>\n<p>\u201cLo \u00faltimo que hace la\u00a0<strong>pyme\u00a0<\/strong>es despedir. Son familia, se ve cuando entr\u00e1s a una de ellas, te espera el due\u00f1o que trabaja y est\u00e1 con los empleados, a veces es hasta padrino de uno de los pibes. Es due\u00f1o, pero tambi\u00e9n es laburante y sabe lo que cuesta formar un trabajador\u201d, fustig\u00f3 el\u00a0<strong>Gobernador<\/strong>.<\/p>\n<p><strong>Kicillof\u00a0<\/strong>aclar\u00f3 luego, que sus palabras en el evento que organiz\u00f3 la\u00a0<strong>Asociaci\u00f3n de Industriales Metal\u00fargicos de Argentina<\/strong>\u00a0(<strong>ADMIRA<\/strong>) no tuvieron como premisa el agredir o chicanean, ni tampoco est\u00e1n relacionadas con su campa\u00f1a electoral, que pudiese habilitar una serie de \u201cintercambios impropios\u201d sino que apuntaron a decir lo que piensa.<\/p>\n<p>Desde la organizaci\u00f3n del c\u00f3nclave, resalaron que \u201cLa industria metal\u00fargica no solo impulsa la inversi\u00f3n y la generaci\u00f3n de empleo, sino que tambi\u00e9n desempe\u00f1a un papel esencial como proveedor especializado en sectores clave como el agro, la miner\u00eda y la energ\u00eda. Su capacidad para agregar valor nacional y brindar autonom\u00eda estrat\u00e9gica al pa\u00eds la posiciona como un pilar fundamental del desarrollo\u201d. <strong>(VW)<\/strong><\/p>\n<p>&nbsp;<\/p>\n","protected":false},"excerpt":{"rendered":"<p>El Gobernador de la provincia de Buenos Aires, Axel Kicillof, disert\u00f3 en el primer Congreso Metal\u00fargico Latinoamericano. \u201cHay una cat\u00e1strofe industrial y Milei parece disfrutarlo\u201d, dijo.<\/p>\n","protected":false},"author":4,"featured_media":15821,"comment_status":"closed","ping_status":"closed","sticky":false,"template":"","format":"standard","meta":{"_monsterinsights_skip_tracking":false,"_monsterinsights_sitenote_active":false,"_monsterinsights_sitenote_note":"","_monsterinsights_sitenote_category":0,"footnotes":""},"categories":[6,4],"tags":[6711,485,6712,6710,167],"class_list":["post-15820","post","type-post","status-publish","format-standard","has-post-thumbnail","hentry","category-economia","category-politica","tag-admira","tag-congreso","tag-disertacion","tag-industriales-metalurgicos","tag-kicillof"],"_links":{"self":[{"href":"https:\/\/www.visionweb.com.ar\/index.php?rest_route=\/wp\/v2\/posts\/15820","targetHints":{"allow":["GET"]}}],"collection":[{"href":"https:\/\/www.visionweb.com.ar\/index.php?rest_route=\/wp\/v2\/posts"}],"about":[{"href":"https:\/\/www.visionweb.com.ar\/index.php?rest_route=\/wp\/v2\/types\/post"}],"author":[{"embeddable":true,"href":"https:\/\/www.visionweb.com.ar\/index.php?rest_route=\/wp\/v2\/users\/4"}],"replies":[{"embeddable":true,"href":"https:\/\/www.visionweb.com.ar\/index.php?rest_route=%2Fwp%2Fv2%2Fcomments&post=15820"}],"version-history":[{"count":1,"href":"https:\/\/www.visionweb.com.ar\/index.php?rest_route=\/wp\/v2\/posts\/15820\/revisions"}],"predecessor-version":[{"id":15822,"href":"https:\/\/www.visionweb.com.ar\/index.php?rest_route=\/wp\/v2\/posts\/15820\/revisions\/15822"}],"wp:featuredmedia":[{"embeddable":true,"href":"https:\/\/www.visionweb.com.ar\/index.php?rest_route=\/wp\/v2\/media\/15821"}],"wp:attachment":[{"href":"https:\/\/www.visionweb.com.ar\/index.php?rest_route=%2Fwp%2Fv2%2Fmedia&parent=15820"}],"wp:term":[{"taxonomy":"category","embeddable":true,"href":"https:\/\/www.visionweb.com.ar\/index.php?rest_route=%2Fwp%2Fv2%2Fcategories&post=15820"},{"taxonomy":"post_tag","embeddable":true,"href":"https:\/\/www.visionweb.com.ar\/index.php?rest_route=%2Fwp%2Fv2%2Ftags&post=15820"}],"curies":[{"name":"wp","href":"https:\/\/api.w.org\/{rel}","templated":true}]}}