{"id":15818,"date":"2024-09-13T11:24:33","date_gmt":"2024-09-13T14:24:33","guid":{"rendered":"https:\/\/www.visionweb.com.ar\/?p=15818"},"modified":"2024-09-13T11:24:33","modified_gmt":"2024-09-13T14:24:33","slug":"provincia-proyecto-para-crear-la-figura-de-defensor-del-docente","status":"publish","type":"post","link":"https:\/\/www.visionweb.com.ar\/?p=15818","title":{"rendered":"Provincia: Proyecto para crear la figura de \u201cDefensor del Docente\u201d"},"content":{"rendered":"<p><em><strong>\u00a0Es para asistir a maestros frente a agresiones o violencia en el \u00e1mbito educativo. La senadora Nerina Neumann y el diputado Emiliano Balb\u00edn presentaron un proyecto en la Legislatura.<\/strong><\/em><!--more--><\/p>\n<p><strong>\u00a0\u00a0 <img loading=\"lazy\" decoding=\"async\" class=\"size-medium wp-image-11702 alignright\" src=\"https:\/\/www.visionweb.com.ar\/wp-content\/uploads\/2023\/09\/a-escuelas-300x145.png\" alt=\"\" width=\"300\" height=\"145\" srcset=\"https:\/\/www.visionweb.com.ar\/wp-content\/uploads\/2023\/09\/a-escuelas-300x145.png 300w, https:\/\/www.visionweb.com.ar\/wp-content\/uploads\/2023\/09\/a-escuelas.png 462w\" sizes=\"auto, (max-width: 300px) 100vw, 300px\" \/>\u00a0\u00a0 L<\/strong>a senadora radical <strong>Nerina Neumann<\/strong> y su correligionario el diputado <strong>Emiliano Balb\u00edn<\/strong> presentaron en la <strong>Legislatura un proyecto de ley<\/strong> que busca crear la figura de <strong>\u201cAbogado Defensor del Docente\u201d<\/strong> para asistir legalmente a maestros que sufran agresiones.<\/p>\n<p>Se trata de una iniciativa que propone que la Direcci\u00f3n General de Cultura y Educaci\u00f3n incorpore la <strong>figura de un abogado que pueda ayudar de manera gratuita a los docentes<\/strong> frente a cualquier reclamo o demanda que deban iniciar.<\/p>\n<p>\u201cLa iniciativa tiene como eje poder brindar <strong>herramientas jur\u00eddicas gratuitas a los docentes<\/strong> que muchas veces necesitan emprender una denuncia penal producto de <strong>agresiones o violencia que reciben dentro del \u00e1mbito educativo<\/strong>\u201d, cont\u00f3 Neumann.<\/p>\n<p>Por su parte, Emiliano Balb\u00edn sostuvo que \u201clas consecuencias de estas actitudes pueden da\u00f1ar seriamente su autoestima, identidad profesional y provocar que se cuestione si vale la pena o no continuar con su labor profesional\u201d.<\/p>\n<p>Los legisladores remarcaron que \u201c<strong>muchos docentes optan por pedidos de licencias o renuncian a sus cargos por no saber c\u00f3mo resolver una situaci\u00f3n injusta y violenta<\/strong>\u201d.<\/p>\n<p>En esa l\u00ednea, concluyeron: \u201cLa figura del Defensor del Docente brindar\u00e1 asistencia de manera r\u00e1pida y gratuita para que los docentes puedan contar con herramientas y una orientaci\u00f3n necesaria para poder resolver cualquier situaci\u00f3n de conflicto y garantizar el buen clima en el aula\u201d. <strong>(VW)<\/strong><\/p>\n<p>&nbsp;<\/p>\n","protected":false},"excerpt":{"rendered":"<p>\u00a0Es para asistir a maestros frente a agresiones o violencia en el \u00e1mbito educativo. La senadora Nerina Neumann y el diputado Emiliano Balb\u00edn presentaron un proyecto en la Legislatura.<\/p>\n","protected":false},"author":4,"featured_media":11702,"comment_status":"closed","ping_status":"closed","sticky":false,"template":"","format":"standard","meta":{"_monsterinsights_skip_tracking":false,"_monsterinsights_sitenote_active":false,"_monsterinsights_sitenote_note":"","_monsterinsights_sitenote_category":0,"footnotes":""},"categories":[4,5],"tags":[1955,6709,356,6708,551],"class_list":["post-15818","post","type-post","status-publish","format-standard","has-post-thumbnail","hentry","category-politica","category-sociedad","tag-emiliano-balbin","tag-nerina-neumann","tag-provincia","tag-proyecto-defensor-del-docente","tag-ucr"],"_links":{"self":[{"href":"https:\/\/www.visionweb.com.ar\/index.php?rest_route=\/wp\/v2\/posts\/15818","targetHints":{"allow":["GET"]}}],"collection":[{"href":"https:\/\/www.visionweb.com.ar\/index.php?rest_route=\/wp\/v2\/posts"}],"about":[{"href":"https:\/\/www.visionweb.com.ar\/index.php?rest_route=\/wp\/v2\/types\/post"}],"author":[{"embeddable":true,"href":"https:\/\/www.visionweb.com.ar\/index.php?rest_route=\/wp\/v2\/users\/4"}],"replies":[{"embeddable":true,"href":"https:\/\/www.visionweb.com.ar\/index.php?rest_route=%2Fwp%2Fv2%2Fcomments&post=15818"}],"version-history":[{"count":1,"href":"https:\/\/www.visionweb.com.ar\/index.php?rest_route=\/wp\/v2\/posts\/15818\/revisions"}],"predecessor-version":[{"id":15819,"href":"https:\/\/www.visionweb.com.ar\/index.php?rest_route=\/wp\/v2\/posts\/15818\/revisions\/15819"}],"wp:featuredmedia":[{"embeddable":true,"href":"https:\/\/www.visionweb.com.ar\/index.php?rest_route=\/wp\/v2\/media\/11702"}],"wp:attachment":[{"href":"https:\/\/www.visionweb.com.ar\/index.php?rest_route=%2Fwp%2Fv2%2Fmedia&parent=15818"}],"wp:term":[{"taxonomy":"category","embeddable":true,"href":"https:\/\/www.visionweb.com.ar\/index.php?rest_route=%2Fwp%2Fv2%2Fcategories&post=15818"},{"taxonomy":"post_tag","embeddable":true,"href":"https:\/\/www.visionweb.com.ar\/index.php?rest_route=%2Fwp%2Fv2%2Ftags&post=15818"}],"curies":[{"name":"wp","href":"https:\/\/api.w.org\/{rel}","templated":true}]}}