{"id":15815,"date":"2024-09-13T11:10:14","date_gmt":"2024-09-13T14:10:14","guid":{"rendered":"https:\/\/www.visionweb.com.ar\/?p=15815"},"modified":"2024-09-13T11:10:14","modified_gmt":"2024-09-13T14:10:14","slug":"las-cooperativas-del-interior-podran-seguir-cobrando-tasas-municipales-en-las-facturas-de-servicios","status":"publish","type":"post","link":"https:\/\/www.visionweb.com.ar\/?p=15815","title":{"rendered":"Las cooperativas del interior podr\u00e1n seguir cobrando tasas municipales en las facturas de servicios"},"content":{"rendered":"<p><strong><em>Desde el ente regulador bonaerense aclararon que la resoluci\u00f3n nacional no impacta en las prestadoras del interior.<\/em><\/strong><!--more--><\/p>\n<p><strong>\u00a0 <img loading=\"lazy\" decoding=\"async\" class=\"size-medium wp-image-15816 alignright\" src=\"https:\/\/www.visionweb.com.ar\/wp-content\/uploads\/2024\/09\/oceba-luz-provincial-103x300.png\" alt=\"\" width=\"103\" height=\"300\" srcset=\"https:\/\/www.visionweb.com.ar\/wp-content\/uploads\/2024\/09\/oceba-luz-provincial-103x300.png 103w, https:\/\/www.visionweb.com.ar\/wp-content\/uploads\/2024\/09\/oceba-luz-provincial.png 181w\" sizes=\"auto, (max-width: 103px) 100vw, 103px\" \/> E<\/strong>l Organismo de Control de la Energ\u00eda bonaerense (<strong>Oceba<\/strong>) dej\u00f3 en claro que en la provincia de Buenos Aires, las empresas distribuidoras est\u00e1n habilitadas a incluir conceptos ajenos al de electricidad en las liquidaciones mensuales.<\/p>\n<p>Luego que el Gobierno de\u00a0<strong>Javier Milei<\/strong>\u00a0prohibi\u00f3 el cobro de tasas municipales en servicios p\u00fablicos, escal\u00f3 la tensi\u00f3n con los intendentes, quienes advirtieron que se trata de un mecanismo para \u201cahogar\u201d a los municipios, pero la medida comprende solamente a las prestatarias Edesur y Edenor.<\/p>\n<p>En principio porque se aduce que una resoluci\u00f3n de una secretar\u00eda nacional no puede ir por encima de una ley provincial. Y eso es lo que marcan en la gesti\u00f3n de Axel Kicillof para asegurar que, al menos,\u00a0<strong>las prestadoras y cooperativas del interior bonaerense van a poder seguir cobrando esos \u201cplus\u201d que aparecen en la boleta<\/strong>.<\/p>\n<p>La\u00a0<strong>resoluci\u00f3n nacional 267\/2024\u00a0<\/strong>publicada el mi\u00e9rcoles en el Bolet\u00edn Oficial restringe la posibilidad de aplicar recargos en las liquidaciones que env\u00edan las empresas de servicio a sus clientes. Y el objetivo, seg\u00fan dijo el ministro de Econom\u00eda Luis Caputo, es que \u201clas facturas de servicios esenciales deben contener de forma \u00fanica y exclusiva la descripci\u00f3n y el precio correspondiente al servicio contratado por el consumidor\u201d, inform\u00f3 Agencia Dib.<\/p>\n<p>As\u00ed, quedan afuera conceptos como pueden ser la tasa de alumbrado p\u00fablico, de seguridad e higiene o alguna relacionada con los bomberos que aparecen en las boletas y sirven para inversiones locales.<\/p>\n<p>No obstante, el Oceba aclar\u00f3 ahora que la resoluci\u00f3n 267 no puede primar sobre la\u00a0<strong>Ley provincial 11.769, que regula la inclusi\u00f3n de conceptos ajenos en las facturas.<\/strong><\/p>\n<p>Es decir, Naci\u00f3n podr\u00eda regular aspectos reglamentarios a las empresas que tienen concesi\u00f3n nacional como\u00a0<strong>Edenor y Edesur.<\/strong>\u00a0Y ah\u00ed s\u00ed impactar\u00eda en la caja de los intendentes del conurbano. Pero no sobre el interior, donde quien tiene injerencia es la Provincia.<\/p>\n<p>A trav\u00e9s del Oceba regula los contratos con las compa\u00f1\u00edas\u00a0<strong>Eden<\/strong>\u00a0(norte bonaerense);\u00a0<strong>Edes<\/strong>\u00a0(sur);\u00a0<strong>Edea<\/strong>\u00a0(municipios de la costa y Mar del Plata) y\u00a0<strong>Edelap<\/strong>\u00a0(Capital bonaerense y la regi\u00f3n). Y a eso se suman las m\u00e1s de\u00a0<strong>200 cooperativas el\u00e9ctricas<\/strong>\u00a0que operan en el interior bonaerense.<\/p>\n<p>Cabe destacar que en electricidad, la ley 10.740 de la provincia de Buenos Aires, sancionada en 1991, habilita a los municipios a convenir con las distribuidoras la percepci\u00f3n de la tasa de alumbrado en las facturas de luz. \u201cSin dejar de considerar que\u00a0<strong>la norma nacional pretende avasallar competencias provinciales propias de esta jurisdicci\u00f3n<\/strong>, corresponde indicar que el r\u00e9gimen provincial contempla expresamente la regulaci\u00f3n en los conceptos ajenos, sin que ello vulnere los principios de la Ley de Defensa del Consumidor\u201d, lanz\u00f3 el Oceba en un comunicado. <strong>(VW)<\/strong><\/p>\n","protected":false},"excerpt":{"rendered":"<p>Desde el ente regulador bonaerense aclararon que la resoluci\u00f3n nacional no impacta en las prestadoras del interior.<\/p>\n","protected":false},"author":4,"featured_media":15816,"comment_status":"closed","ping_status":"closed","sticky":false,"template":"","format":"standard","meta":{"_monsterinsights_skip_tracking":false,"_monsterinsights_sitenote_active":false,"_monsterinsights_sitenote_note":"","_monsterinsights_sitenote_category":0,"footnotes":""},"categories":[6,4],"tags":[6707,6706],"class_list":["post-15815","post","type-post","status-publish","format-standard","has-post-thumbnail","hentry","category-economia","category-politica","tag-oceba","tag-tasas-municipales-en-facturas"],"_links":{"self":[{"href":"https:\/\/www.visionweb.com.ar\/index.php?rest_route=\/wp\/v2\/posts\/15815","targetHints":{"allow":["GET"]}}],"collection":[{"href":"https:\/\/www.visionweb.com.ar\/index.php?rest_route=\/wp\/v2\/posts"}],"about":[{"href":"https:\/\/www.visionweb.com.ar\/index.php?rest_route=\/wp\/v2\/types\/post"}],"author":[{"embeddable":true,"href":"https:\/\/www.visionweb.com.ar\/index.php?rest_route=\/wp\/v2\/users\/4"}],"replies":[{"embeddable":true,"href":"https:\/\/www.visionweb.com.ar\/index.php?rest_route=%2Fwp%2Fv2%2Fcomments&post=15815"}],"version-history":[{"count":1,"href":"https:\/\/www.visionweb.com.ar\/index.php?rest_route=\/wp\/v2\/posts\/15815\/revisions"}],"predecessor-version":[{"id":15817,"href":"https:\/\/www.visionweb.com.ar\/index.php?rest_route=\/wp\/v2\/posts\/15815\/revisions\/15817"}],"wp:featuredmedia":[{"embeddable":true,"href":"https:\/\/www.visionweb.com.ar\/index.php?rest_route=\/wp\/v2\/media\/15816"}],"wp:attachment":[{"href":"https:\/\/www.visionweb.com.ar\/index.php?rest_route=%2Fwp%2Fv2%2Fmedia&parent=15815"}],"wp:term":[{"taxonomy":"category","embeddable":true,"href":"https:\/\/www.visionweb.com.ar\/index.php?rest_route=%2Fwp%2Fv2%2Fcategories&post=15815"},{"taxonomy":"post_tag","embeddable":true,"href":"https:\/\/www.visionweb.com.ar\/index.php?rest_route=%2Fwp%2Fv2%2Ftags&post=15815"}],"curies":[{"name":"wp","href":"https:\/\/api.w.org\/{rel}","templated":true}]}}