{"id":15812,"date":"2024-09-13T09:27:58","date_gmt":"2024-09-13T12:27:58","guid":{"rendered":"https:\/\/www.visionweb.com.ar\/?p=15812"},"modified":"2024-09-13T11:19:44","modified_gmt":"2024-09-13T14:19:44","slug":"supermercadistas-y-autoservicios-avalaron-una-iniciativa-de-la-cartera-de-comercio","status":"publish","type":"post","link":"https:\/\/www.visionweb.com.ar\/?p=15812","title":{"rendered":"Supermercadistas y Autoservicios avalaron una iniciativa de la cartera de Comercio"},"content":{"rendered":"<p><em><strong>Las entidades en ese sentido reiteraron su apoyo \u00aba esta medida y propiciamos enf\u00e1ticamente que se profundice el proceso de saneamiento de la econom\u00eda\u00bb que ha iniciado el Gobierno Nacional.<\/strong><\/em><!--more--><\/p>\n<p><img loading=\"lazy\" decoding=\"async\" class=\"size-medium wp-image-1178 alignright\" src=\"https:\/\/www.visionweb.com.ar\/wp-content\/uploads\/2021\/03\/PRECIOS-MAORISTAS-300x200.png\" alt=\"\" width=\"300\" height=\"200\" srcset=\"https:\/\/www.visionweb.com.ar\/wp-content\/uploads\/2021\/03\/PRECIOS-MAORISTAS-300x200.png 300w, https:\/\/www.visionweb.com.ar\/wp-content\/uploads\/2021\/03\/PRECIOS-MAORISTAS.png 725w\" sizes=\"auto, (max-width: 300px) 100vw, 300px\" \/>La C\u00e1mara Argentina de Supermercados (CAS) y la Federaci\u00f3n Argentina de Supermercados y Autoservicios (FASA) apoyan la prohibici\u00f3n del cobro de tasas municipales en los servicios esenciales.<\/p>\n<p>Por la Resoluci\u00f3n 267\/2024 de la Secretaria de Industria y Comercio se estableci\u00f3 que las facturas de bienes y servicios deber\u00e1n referirse en forma \u00fanica y exclusiva al bien o servicio contratado espec\u00edficamente por el consumidor y suministrado por el proveedor.<\/p>\n<p>\u00abDesde el supermercadismo argentino vemos a esta medida como un important\u00edsimo paso para poder llevar a cabo una tarea que los empresarios y los consumidores reclaman insistentemente, la reducci\u00f3n de la asfixiante carga impositiva que afecta a nuestra econom\u00eda\u00bb, consignaron las entidades.<\/p>\n<p>La inagotable voracidad fiscal de los gobiernos provinciales y municipales recurre de manera constante y creciente a un sinf\u00edn de m\u00e9todos para aumentar los impuestos y tasas existentes, o para crear nuevos grav\u00e1menes.<\/p>\n<p>\u00abLos precios al consumidor contienen entre un 40 y un 50% de carga impositiva, ya sea que se trate de productos o servicios, incluso los servicios esenciales\u00bb, agregaron en un comunicado.<\/p>\n<p>\u00abComo supermercadistas establecidos en todo el territorio nacional vemos con preocupaci\u00f3n y asombro el constante crecimiento de tributos provinciales y municipales, una pr\u00e1ctica que se ha convertido en una forma de generar ingresos para los diversos gobiernos, sin reparar en las consecuencias negativas para los consumidores y las empresas\u00bb. agregaron.<\/p>\n<p>Las entidades en ese sentido reiteraron su apoyo \u00aba esta medida y propiciamos enf\u00e1ticamente que se profundice el proceso de saneamiento de la econom\u00eda que ha iniciado el Gobierno Nacional.<\/p>\n<p>En un momento decisivo para: \u00abNuestro pa\u00eds como el actual, los gobernadores e intendentes deben ser extremadamente austeros en la administraci\u00f3n de los recursos, atendiendo al pedido de toda la sociedad que les exige que eliminen impuestos, tasas municipales y otros grav\u00e1menes, o reduzcan sensiblemente el nivel de los que ya existen\u00bb, a\u00f1adieron.<\/p>\n<p>El escenario actual es propicio para el aumento de la informalidad, por ello, ampliar la base de contribuyentes ser\u00eda una forma plausible de incrementar la recaudaci\u00f3n. Administrar los recursos p\u00fablicos con responsabilidad y eficiencia es una premisa que todos los argentinos le estamos exigiendo a quienes nos gobiernan, por el bien de todos<strong>(VW)<\/strong>.<\/p>\n","protected":false},"excerpt":{"rendered":"<p>Las entidades en ese sentido reiteraron su apoyo \u00aba esta medida y propiciamos enf\u00e1ticamente que se profundice el proceso de saneamiento de la econom\u00eda\u00bb que ha iniciado el Gobierno Nacional.<\/p>\n","protected":false},"author":3,"featured_media":1345,"comment_status":"closed","ping_status":"closed","sticky":false,"template":"","format":"standard","meta":{"_monsterinsights_skip_tracking":false,"_monsterinsights_sitenote_active":false,"_monsterinsights_sitenote_note":"","_monsterinsights_sitenote_category":0,"footnotes":""},"categories":[8,749],"tags":[1400,172,1111,1218],"class_list":["post-15812","post","type-post","status-publish","format-standard","has-post-thumbnail","hentry","category-interes-general","category-pymes","tag-autoservicios","tag-comercio","tag-legislacion","tag-supermercadistas"],"_links":{"self":[{"href":"https:\/\/www.visionweb.com.ar\/index.php?rest_route=\/wp\/v2\/posts\/15812","targetHints":{"allow":["GET"]}}],"collection":[{"href":"https:\/\/www.visionweb.com.ar\/index.php?rest_route=\/wp\/v2\/posts"}],"about":[{"href":"https:\/\/www.visionweb.com.ar\/index.php?rest_route=\/wp\/v2\/types\/post"}],"author":[{"embeddable":true,"href":"https:\/\/www.visionweb.com.ar\/index.php?rest_route=\/wp\/v2\/users\/3"}],"replies":[{"embeddable":true,"href":"https:\/\/www.visionweb.com.ar\/index.php?rest_route=%2Fwp%2Fv2%2Fcomments&post=15812"}],"version-history":[{"count":1,"href":"https:\/\/www.visionweb.com.ar\/index.php?rest_route=\/wp\/v2\/posts\/15812\/revisions"}],"predecessor-version":[{"id":15814,"href":"https:\/\/www.visionweb.com.ar\/index.php?rest_route=\/wp\/v2\/posts\/15812\/revisions\/15814"}],"wp:featuredmedia":[{"embeddable":true,"href":"https:\/\/www.visionweb.com.ar\/index.php?rest_route=\/wp\/v2\/media\/1345"}],"wp:attachment":[{"href":"https:\/\/www.visionweb.com.ar\/index.php?rest_route=%2Fwp%2Fv2%2Fmedia&parent=15812"}],"wp:term":[{"taxonomy":"category","embeddable":true,"href":"https:\/\/www.visionweb.com.ar\/index.php?rest_route=%2Fwp%2Fv2%2Fcategories&post=15812"},{"taxonomy":"post_tag","embeddable":true,"href":"https:\/\/www.visionweb.com.ar\/index.php?rest_route=%2Fwp%2Fv2%2Ftags&post=15812"}],"curies":[{"name":"wp","href":"https:\/\/api.w.org\/{rel}","templated":true}]}}