{"id":15811,"date":"2024-09-13T09:19:14","date_gmt":"2024-09-13T12:19:14","guid":{"rendered":"https:\/\/www.visionweb.com.ar\/?p=15811"},"modified":"2024-09-13T09:19:14","modified_gmt":"2024-09-13T12:19:14","slug":"aumenta-el-boleto-de-tren-desde-el-lunes-16-de-septiembre","status":"publish","type":"post","link":"https:\/\/www.visionweb.com.ar\/?p=15811","title":{"rendered":"Aumenta el boleto de tren desde el lunes 16 de septiembre"},"content":{"rendered":"<p><strong><em>Todos los trenes que circulan por el \u00c1rea Metropolitana de Buenos Aires saldr\u00e1n un 40 por ciento m\u00e1s caro.<\/em><\/strong><!--more--><\/p>\n<p><img loading=\"lazy\" decoding=\"async\" class=\"size-medium wp-image-6520 alignright\" src=\"https:\/\/www.visionweb.com.ar\/wp-content\/uploads\/2022\/07\/trenes-estacion-277x300.jpg\" alt=\"\" width=\"277\" height=\"300\" srcset=\"https:\/\/www.visionweb.com.ar\/wp-content\/uploads\/2022\/07\/trenes-estacion-277x300.jpg 277w, https:\/\/www.visionweb.com.ar\/wp-content\/uploads\/2022\/07\/trenes-estacion.jpg 500w\" sizes=\"auto, (max-width: 277px) 100vw, 277px\" \/>\u00a0\u00a0 <strong>E<\/strong>l gobierno nacional autoriz\u00f3 un nuevo aumento de<strong>\u00a0precios<\/strong>\u00a0en los\u00a0<strong>servicios ferroviarios<\/strong>, con lo cual los trenes del \u00c1rea Metropolitana de Buenos Aires (AMBA) tendr\u00e1n una<strong> suba del 40 por ciento del valor de los boletos a partir del lunes 16 de septiembre<\/strong>, que llevar\u00e1 a $280 la tarifa m\u00ednima por viaje.<\/p>\n<p>La suba de\u00a0<strong>tarifas<\/strong>\u00a0fue oficializada este viernes a trav\u00e9s de dos resoluciones de la\u00a0<strong>Secretar\u00eda de Transporte\u00a0<\/strong>que se publicaron en el<strong>\u00a0Bolet\u00edn Oficial<\/strong>. Los fundamentos de la suba se deben a que\u00a0<strong>el \u00faltimo aumento hab\u00eda sido en mayo<\/strong>\u00a0y que desde entonces \u00ab<strong>se han registrado incrementos en diversos rubros de los costos operativos inherentes al servicio<\/strong>\u00a0y, adem\u00e1s, las entidades gremiales del sector han logrado consensuar diversos acuerdos de recomposici\u00f3n salarial\u00bb, detallaron.<\/p>\n<p>Los nuevos precios estar\u00e1n vigentes\u00a0<strong>a partir de las 0 horas del lunes 16 de septiembre<\/strong>. Vale aclarar que los nuevos cuadros tarifarios mantienen la tarifa social y el beneficio por tener la<strong>\u00a0tarjeta SUBE<\/strong>\u00a0nominalizada.<\/p>\n<p>De esta manera, los precios del boleto para el tramo de 0 a 12 kil\u00f3metros\u00a0<strong>pasar\u00e1n de los $200 actuales a $280<\/strong>, el tramo de 12 a 24 kil\u00f3metros de $260 a $360 y el tramo de m\u00e1s de 24 kil\u00f3metros llegar\u00e1 a $450 desde los $320 actuales.<\/p>\n<p>Estos precios\u00a0<strong>aplican por igual\u00a0<\/strong>para la L\u00ednea Mitre, el Tren de la Costa, la L\u00ednea Sarmiento, la L\u00ednea Roca, la L\u00ednea San Mart\u00edn, las L\u00edneas Belgrano Sur y Belgrano Norte, y la L\u00ednea Urquiza.<\/p>\n<p>Tambi\u00e9n<strong>\u00a0aumentar\u00e1 el costo para quienes abonen su boleto en efectivo.<\/strong>\u00a0La tarifa en efectivo pasar\u00e1 de los $640 actuales a $900 por viaje. Paralelamente, se incrementar\u00e1 la tarifa social: ya que tendr\u00e1 un descuento del cincuenta y cinco por ciento (55%) a partir de la misma fecha.<\/p>\n<p>El \u00faltimo aumento anunciado hab\u00eda sido en mayo. Este incremento\u00a0<strong>se suma al que rige desde hace algunas semanas para los colectivos<\/strong>\u00a0en el AMBA que, tambi\u00e9n, subieron un 37,5%.<\/p>\n<p>Esta suba de precios se encuentra en el marco del proceso de participaci\u00f3n ciudadana seg\u00fan indic\u00f3 la Secretaria de Transporte, a cargo de Franco Mogetta, en la Resoluci\u00f3n N 29\/2024 que se public\u00f3 hoy en el Bolet\u00edn Oficial. <strong>(VW)<\/strong><\/p>\n","protected":false},"excerpt":{"rendered":"<p>Todos los trenes que circulan por el \u00c1rea Metropolitana de Buenos Aires saldr\u00e1n un 40 por ciento m\u00e1s caro.<\/p>\n","protected":false},"author":4,"featured_media":6520,"comment_status":"closed","ping_status":"closed","sticky":false,"template":"","format":"standard","meta":{"_monsterinsights_skip_tracking":false,"_monsterinsights_sitenote_active":false,"_monsterinsights_sitenote_note":"","_monsterinsights_sitenote_category":0,"footnotes":""},"categories":[6,4],"tags":[6705,6027,1817,6028],"class_list":["post-15811","post","type-post","status-publish","format-standard","has-post-thumbnail","hentry","category-economia","category-politica","tag-aumentos-40","tag-secretaria-de-transporte","tag-sube","tag-tarifas-de-trenes"],"_links":{"self":[{"href":"https:\/\/www.visionweb.com.ar\/index.php?rest_route=\/wp\/v2\/posts\/15811","targetHints":{"allow":["GET"]}}],"collection":[{"href":"https:\/\/www.visionweb.com.ar\/index.php?rest_route=\/wp\/v2\/posts"}],"about":[{"href":"https:\/\/www.visionweb.com.ar\/index.php?rest_route=\/wp\/v2\/types\/post"}],"author":[{"embeddable":true,"href":"https:\/\/www.visionweb.com.ar\/index.php?rest_route=\/wp\/v2\/users\/4"}],"replies":[{"embeddable":true,"href":"https:\/\/www.visionweb.com.ar\/index.php?rest_route=%2Fwp%2Fv2%2Fcomments&post=15811"}],"version-history":[{"count":1,"href":"https:\/\/www.visionweb.com.ar\/index.php?rest_route=\/wp\/v2\/posts\/15811\/revisions"}],"predecessor-version":[{"id":15813,"href":"https:\/\/www.visionweb.com.ar\/index.php?rest_route=\/wp\/v2\/posts\/15811\/revisions\/15813"}],"wp:featuredmedia":[{"embeddable":true,"href":"https:\/\/www.visionweb.com.ar\/index.php?rest_route=\/wp\/v2\/media\/6520"}],"wp:attachment":[{"href":"https:\/\/www.visionweb.com.ar\/index.php?rest_route=%2Fwp%2Fv2%2Fmedia&parent=15811"}],"wp:term":[{"taxonomy":"category","embeddable":true,"href":"https:\/\/www.visionweb.com.ar\/index.php?rest_route=%2Fwp%2Fv2%2Fcategories&post=15811"},{"taxonomy":"post_tag","embeddable":true,"href":"https:\/\/www.visionweb.com.ar\/index.php?rest_route=%2Fwp%2Fv2%2Ftags&post=15811"}],"curies":[{"name":"wp","href":"https:\/\/api.w.org\/{rel}","templated":true}]}}