{"id":15809,"date":"2024-09-13T09:02:17","date_gmt":"2024-09-13T12:02:17","guid":{"rendered":"https:\/\/www.visionweb.com.ar\/?p=15809"},"modified":"2024-09-13T09:08:41","modified_gmt":"2024-09-13T12:08:41","slug":"el-senado-aprobo-la-boleta-unica-de-papel","status":"publish","type":"post","link":"https:\/\/www.visionweb.com.ar\/?p=15809","title":{"rendered":"El Senado aprob\u00f3 la Boleta \u00danica de papel"},"content":{"rendered":"<p><em><strong>La iniciativa fue aprobada por 39 votos positivos y 30 negativos. Se implementar\u00e1 a partir de 2025, pero antes deber\u00e1 pasar por diputados.<\/strong><\/em> <!--more--><\/p>\n<p><img loading=\"lazy\" decoding=\"async\" class=\"size-medium wp-image-11425 alignright\" src=\"https:\/\/www.visionweb.com.ar\/wp-content\/uploads\/2023\/08\/ELECCIONES-PASO-300x169.png\" alt=\"\" width=\"300\" height=\"169\" srcset=\"https:\/\/www.visionweb.com.ar\/wp-content\/uploads\/2023\/08\/ELECCIONES-PASO-300x169.png 300w, https:\/\/www.visionweb.com.ar\/wp-content\/uploads\/2023\/08\/ELECCIONES-PASO.png 640w\" sizes=\"auto, (max-width: 300px) 100vw, 300px\" \/>A m\u00e1s de dos a\u00f1os de su aprobaci\u00f3n en Diputados, el oficialismo logr\u00f3 este jueves en el Senado dar luz verde al proyecto de boleta \u00fanica de papel, que recibi\u00f3 cambios y de esta manera vuelve a la C\u00e1mara baja, que deber\u00e1 aceptar o rechazar la nueva versi\u00f3n.<\/p>\n<p>Luego de un largo -y trabado- recorrido, que comenz\u00f3 a principios de a\u00f1o, con el dictamen en comisiones durante enero, La Libertad Avanza alcanz\u00f3 el apoyo de los bloques dialoguistas para aprobar la iniciativa que durante la gesti\u00f3n anterior estuvo congelada en esa c\u00e1mara, por el rechazo de la bancada peronista\/kirchnerista.<\/p>\n<p>El proyecto cosech\u00f3, en la votaci\u00f3n general, 39 votos a favor que fueron del oficialismo, la UCR, el Pro y los bloques provinciales. Mientras que los 30 votos en contra fueron de Uni\u00f3n por la Patria. Acto seguido, el senador entrerriano Edgardo Kueider, miembro informante del proyecto, ley\u00f3 todas las modificaciones al texto y la votaci\u00f3n en particular result\u00f3 con el mismo resultado.<\/p>\n<p>Con la intenci\u00f3n de poder implementar la boleta \u00fanica de papel en las elecciones del a\u00f1o que viene, el Gobierno envi\u00f3 funcionarios semanas atr\u00e1s a un nuevo plenario de comisiones y luego difundi\u00f3 entre los bloques aliados un nuevo borrador con modificaciones al dictamen.<\/p>\n<p>Entre los cambios m\u00e1s destacados se quit\u00f3 el casillero en blanco con la opci\u00f3n de votar lista completa, lo que hab\u00eda sido uno de los mayores reclamos de partidos provinciales.<\/p>\n<p>Adem\u00e1s, se establece que las elecciones PASO se adelantar\u00edan al primer domingo de agosto y, con ello, se correr\u00edan otros plazos del cronograma electoral, como el inicio de la campa\u00f1a, que se iniciar\u00eda 60 d\u00edas antes y no 50, como actualmente, en pos de adecuar los tiempos para su impresi\u00f3n.<\/p>\n<p>La media sanci\u00f3n se hab\u00eda votado en junio de 2022 y en febrero pr\u00f3ximo se caer\u00e1 si no se trata. El proyecto apunta a un rotundo cambio en la herramienta de sufragio que se utiliza a nivel nacional, basado en la experiencia que ya tienen otras provincias donde se aplica la BUP<strong>(VW)<\/strong>.<\/p>\n<div class=\"vw-tagline \"><\/div>\n","protected":false},"excerpt":{"rendered":"<p>La iniciativa fue aprobada por 39 votos positivos y 30 negativos. Se implementar\u00e1 a partir de 2025, pero antes deber\u00e1 pasar por diputados.<\/p>\n","protected":false},"author":3,"featured_media":11425,"comment_status":"closed","ping_status":"closed","sticky":false,"template":"","format":"standard","meta":{"_monsterinsights_skip_tracking":false,"_monsterinsights_sitenote_active":false,"_monsterinsights_sitenote_note":"","_monsterinsights_sitenote_category":0,"footnotes":""},"categories":[4],"tags":[2237,6704,468],"class_list":["post-15809","post","type-post","status-publish","format-standard","has-post-thumbnail","hentry","category-politica","tag-boleta-unica","tag-regira-a-partir-de-2025","tag-senado"],"_links":{"self":[{"href":"https:\/\/www.visionweb.com.ar\/index.php?rest_route=\/wp\/v2\/posts\/15809","targetHints":{"allow":["GET"]}}],"collection":[{"href":"https:\/\/www.visionweb.com.ar\/index.php?rest_route=\/wp\/v2\/posts"}],"about":[{"href":"https:\/\/www.visionweb.com.ar\/index.php?rest_route=\/wp\/v2\/types\/post"}],"author":[{"embeddable":true,"href":"https:\/\/www.visionweb.com.ar\/index.php?rest_route=\/wp\/v2\/users\/3"}],"replies":[{"embeddable":true,"href":"https:\/\/www.visionweb.com.ar\/index.php?rest_route=%2Fwp%2Fv2%2Fcomments&post=15809"}],"version-history":[{"count":1,"href":"https:\/\/www.visionweb.com.ar\/index.php?rest_route=\/wp\/v2\/posts\/15809\/revisions"}],"predecessor-version":[{"id":15810,"href":"https:\/\/www.visionweb.com.ar\/index.php?rest_route=\/wp\/v2\/posts\/15809\/revisions\/15810"}],"wp:featuredmedia":[{"embeddable":true,"href":"https:\/\/www.visionweb.com.ar\/index.php?rest_route=\/wp\/v2\/media\/11425"}],"wp:attachment":[{"href":"https:\/\/www.visionweb.com.ar\/index.php?rest_route=%2Fwp%2Fv2%2Fmedia&parent=15809"}],"wp:term":[{"taxonomy":"category","embeddable":true,"href":"https:\/\/www.visionweb.com.ar\/index.php?rest_route=%2Fwp%2Fv2%2Fcategories&post=15809"},{"taxonomy":"post_tag","embeddable":true,"href":"https:\/\/www.visionweb.com.ar\/index.php?rest_route=%2Fwp%2Fv2%2Ftags&post=15809"}],"curies":[{"name":"wp","href":"https:\/\/api.w.org\/{rel}","templated":true}]}}