{"id":15807,"date":"2024-09-12T11:11:33","date_gmt":"2024-09-12T14:11:33","guid":{"rendered":"https:\/\/www.visionweb.com.ar\/?p=15807"},"modified":"2024-09-12T11:11:33","modified_gmt":"2024-09-12T14:11:33","slug":"indec-una-familia-necesito-939-886-en-agosto-para-no-ser-pobre","status":"publish","type":"post","link":"https:\/\/www.visionweb.com.ar\/?p=15807","title":{"rendered":"INDEC: Una familia necesit\u00f3 $ 939.886 en agosto para no ser pobre"},"content":{"rendered":"<p><em><strong>El precio de la Canasta B\u00e1sica Total subi\u00f3 un 4,4% en el mes de agosto. El jueves 26 de septiembre se conocer\u00e1 el\u00a0\u00cdndice de Pobreza\u00a0oficial.<\/strong><\/em><!--more--><\/p>\n<p><strong>\u00a0 \u00a0 <img loading=\"lazy\" decoding=\"async\" class=\"size-full wp-image-7465 alignright\" src=\"https:\/\/www.visionweb.com.ar\/wp-content\/uploads\/2022\/09\/billetera-vacia.bmp\" alt=\"\" width=\"591\" height=\"372\" \/>\u00a0\u00a0E<\/strong>l<strong> Instituto Nacional de Estad\u00edsticas y Censos (INDEC) <\/strong>inform\u00f3 que la <strong>Canasta B\u00e1sica Total (CBT) aument\u00f3 4,4 % en agosto<\/strong>, lo cual implica que una familia tipo, necesit\u00f3\u00a0<strong>$939.886\u00a0<\/strong>para adquirir los bienes y servicios m\u00ednimos, para evitar caer por debajo de la <strong>l\u00ednea de pobreza<\/strong>.<\/p>\n<p>Ese mismo grupo familiar, compuesto de dos adultos y dos hijos menores, necesit\u00f3 de\u00a0<strong>$421.473<\/strong>\u00a0para comprar solo la cantidad m\u00ednima de comida que integra la\u00a0<strong>Canasta B\u00e1sica Alimentaria (CBA)<\/strong>, y que fija el umbral por debajo del cual se cae en <strong>la l\u00ednea de la indigencia<\/strong>.<\/p>\n<p>La CBA aument\u00f3 3,9% durante agosto, por lo que sum\u00f3 75,1% en lo que va del a\u00f1o, y 222,7% en los \u00faltimos 12 meses.<\/p>\n<p>En tanto, la CBT, el aumento del 4,4% de agosto redund\u00f3 en una suba del 89,6% en lo que va del a\u00f1o, t del 230,1% en los \u00faltimos 12 meses.<\/p>\n<p>Hace una semana el\u00a0<strong>Observatorio de la Deuda Social Argentina de la Universidad Cat\u00f3lica Argentina (ODSA-UCA)<\/strong>\u00a0estim\u00f3 que el \u00cdndice de pobreza aument\u00f3 al t\u00e9rmino del primer semestre del a\u00f1o al 55,5% de la poblaci\u00f3n y la indigencia al 17,5% en el mismo per\u00edodo.<\/p>\n<p>A fin del 2023, el Indec calculaba que el \u00cdndice de Pobreza alcanzaba al 41,7% de los habitantes, entre los cuales 11,9% eran indigentes. Durante el primer semestre del a\u00f1o la inflaci\u00f3n hab\u00eda alcanzado al 79,8%.<\/p>\n<p>Estos incrementos en los niveles de pobreza e indigencia se atribuyen en gran parte al impacto de la inflaci\u00f3n de los \u00faltimos meses y a la suba principalmente en el rubro alimentos que afect\u00f3 a los estratos m\u00e1s bajos de la sociedad.<\/p>\n<p>El Indec dar\u00e1 a conocer el jueves 26 de septiembre el<strong>\u00a0\u00cdndice de Pobreza<\/strong>\u00a0oficial calculada al primer semestre del a\u00f1o. <strong>(VW)<\/strong><\/p>\n<p>&nbsp;<\/p>\n","protected":false},"excerpt":{"rendered":"<p>El precio de la Canasta B\u00e1sica Total subi\u00f3 un 4,4% en el mes de agosto. El jueves 26 de septiembre se conocer\u00e1 el\u00a0\u00cdndice de Pobreza\u00a0oficial.<\/p>\n","protected":false},"author":4,"featured_media":7465,"comment_status":"closed","ping_status":"closed","sticky":false,"template":"","format":"standard","meta":{"_monsterinsights_skip_tracking":false,"_monsterinsights_sitenote_active":false,"_monsterinsights_sitenote_note":"","_monsterinsights_sitenote_category":0,"footnotes":""},"categories":[6,5],"tags":[4690,4166,75],"class_list":["post-15807","post","type-post","status-publish","format-standard","has-post-thumbnail","hentry","category-economia","category-sociedad","tag-agosto","tag-canasta-basica-total","tag-indec"],"_links":{"self":[{"href":"https:\/\/www.visionweb.com.ar\/index.php?rest_route=\/wp\/v2\/posts\/15807","targetHints":{"allow":["GET"]}}],"collection":[{"href":"https:\/\/www.visionweb.com.ar\/index.php?rest_route=\/wp\/v2\/posts"}],"about":[{"href":"https:\/\/www.visionweb.com.ar\/index.php?rest_route=\/wp\/v2\/types\/post"}],"author":[{"embeddable":true,"href":"https:\/\/www.visionweb.com.ar\/index.php?rest_route=\/wp\/v2\/users\/4"}],"replies":[{"embeddable":true,"href":"https:\/\/www.visionweb.com.ar\/index.php?rest_route=%2Fwp%2Fv2%2Fcomments&post=15807"}],"version-history":[{"count":1,"href":"https:\/\/www.visionweb.com.ar\/index.php?rest_route=\/wp\/v2\/posts\/15807\/revisions"}],"predecessor-version":[{"id":15808,"href":"https:\/\/www.visionweb.com.ar\/index.php?rest_route=\/wp\/v2\/posts\/15807\/revisions\/15808"}],"wp:featuredmedia":[{"embeddable":true,"href":"https:\/\/www.visionweb.com.ar\/index.php?rest_route=\/wp\/v2\/media\/7465"}],"wp:attachment":[{"href":"https:\/\/www.visionweb.com.ar\/index.php?rest_route=%2Fwp%2Fv2%2Fmedia&parent=15807"}],"wp:term":[{"taxonomy":"category","embeddable":true,"href":"https:\/\/www.visionweb.com.ar\/index.php?rest_route=%2Fwp%2Fv2%2Fcategories&post=15807"},{"taxonomy":"post_tag","embeddable":true,"href":"https:\/\/www.visionweb.com.ar\/index.php?rest_route=%2Fwp%2Fv2%2Ftags&post=15807"}],"curies":[{"name":"wp","href":"https:\/\/api.w.org\/{rel}","templated":true}]}}