{"id":15796,"date":"2024-09-12T07:56:49","date_gmt":"2024-09-12T10:56:49","guid":{"rendered":"https:\/\/www.visionweb.com.ar\/?p=15796"},"modified":"2024-09-11T18:01:19","modified_gmt":"2024-09-11T21:01:19","slug":"la-inflacion-de-agosto-fue-de-42-un-poco-mas-de-lo-que-se-esperaba","status":"publish","type":"post","link":"https:\/\/www.visionweb.com.ar\/?p=15796","title":{"rendered":"La inflaci\u00f3n de agosto fue de 4,2%, un poco mas de lo que se esperaba"},"content":{"rendered":"<p><strong><em>El Indec dio a conocer el dato del IPC que no logr\u00f3 perforar el 4% del mes anterior. La subas las encaberon los servicios, combustibles y alquileres.<\/em><\/strong><!--more--><\/p>\n<p><img loading=\"lazy\" decoding=\"async\" class=\"size-medium wp-image-12925 alignright\" src=\"https:\/\/www.visionweb.com.ar\/wp-content\/uploads\/2023\/12\/PRECIOS-SUPERMERCADOS-300x200.png\" alt=\"\" width=\"300\" height=\"200\" srcset=\"https:\/\/www.visionweb.com.ar\/wp-content\/uploads\/2023\/12\/PRECIOS-SUPERMERCADOS-300x200.png 300w, https:\/\/www.visionweb.com.ar\/wp-content\/uploads\/2023\/12\/PRECIOS-SUPERMERCADOS.png 640w\" sizes=\"auto, (max-width: 300px) 100vw, 300px\" \/>La inflaci\u00f3n de agosto en Argentina se aceler\u00f3 con respecto del mes previo y no logr\u00f3 perforar el tan ansiado 4%. Se ubic\u00f3 as\u00ed en el 4,2%, mientras que el acumulado del a\u00f1o roz\u00f3 el 95%.<\/p>\n<p>Incuso, el dato se ubic\u00f3 por encima del Relevamiento de Expectativas del Mercado (REM) que publica el Banco Central.<\/p>\n<p>Seg\u00fan la medici\u00f3n del\u00a0<em>Instituto Nacional de Estad\u00edstica y Censos de la Rep\u00fablica Argentina,<\/em>\u00a0vivienda, agua, electricidad y combustibles avanzaron 7% en agosto y encabezaron las alzas de los segmentos.<\/p>\n<p>Seg\u00fan el Indec, la suba se debi\u00f3 a los incrementos en los costos de alquileres, los servicios de agua, electricidad y gas, y combustibles.<\/p>\n<p>Le sigui\u00f3\u00a0<strong>educaci\u00f3n<\/strong>\u00a0que avanz\u00f3 6,6% por el alza en los distintos niveles y tipos de ense\u00f1anza; y\u00a0<strong>transporte<\/strong> con el 5,1% por la suba en las tarifas en el transporte p\u00fablico.<strong>(VW)<\/strong><\/p>\n","protected":false},"excerpt":{"rendered":"<p>El Indec dio a conocer el dato del IPC que no logr\u00f3 perforar el 4% del mes anterior. La subas las encaberon los servicios, combustibles y alquileres.<\/p>\n","protected":false},"author":3,"featured_media":12925,"comment_status":"closed","ping_status":"closed","sticky":false,"template":"","format":"standard","meta":{"_monsterinsights_skip_tracking":false,"_monsterinsights_sitenote_active":false,"_monsterinsights_sitenote_note":"","_monsterinsights_sitenote_category":0,"footnotes":""},"categories":[8],"tags":[6695,140,6696],"class_list":["post-15796","post","type-post","status-publish","format-standard","has-post-thumbnail","hentry","category-interes-general","tag-aliemnetos","tag-combustibles","tag-energia-textiles"],"_links":{"self":[{"href":"https:\/\/www.visionweb.com.ar\/index.php?rest_route=\/wp\/v2\/posts\/15796","targetHints":{"allow":["GET"]}}],"collection":[{"href":"https:\/\/www.visionweb.com.ar\/index.php?rest_route=\/wp\/v2\/posts"}],"about":[{"href":"https:\/\/www.visionweb.com.ar\/index.php?rest_route=\/wp\/v2\/types\/post"}],"author":[{"embeddable":true,"href":"https:\/\/www.visionweb.com.ar\/index.php?rest_route=\/wp\/v2\/users\/3"}],"replies":[{"embeddable":true,"href":"https:\/\/www.visionweb.com.ar\/index.php?rest_route=%2Fwp%2Fv2%2Fcomments&post=15796"}],"version-history":[{"count":1,"href":"https:\/\/www.visionweb.com.ar\/index.php?rest_route=\/wp\/v2\/posts\/15796\/revisions"}],"predecessor-version":[{"id":15797,"href":"https:\/\/www.visionweb.com.ar\/index.php?rest_route=\/wp\/v2\/posts\/15796\/revisions\/15797"}],"wp:featuredmedia":[{"embeddable":true,"href":"https:\/\/www.visionweb.com.ar\/index.php?rest_route=\/wp\/v2\/media\/12925"}],"wp:attachment":[{"href":"https:\/\/www.visionweb.com.ar\/index.php?rest_route=%2Fwp%2Fv2%2Fmedia&parent=15796"}],"wp:term":[{"taxonomy":"category","embeddable":true,"href":"https:\/\/www.visionweb.com.ar\/index.php?rest_route=%2Fwp%2Fv2%2Fcategories&post=15796"},{"taxonomy":"post_tag","embeddable":true,"href":"https:\/\/www.visionweb.com.ar\/index.php?rest_route=%2Fwp%2Fv2%2Ftags&post=15796"}],"curies":[{"name":"wp","href":"https:\/\/api.w.org\/{rel}","templated":true}]}}