{"id":15794,"date":"2024-09-11T16:16:07","date_gmt":"2024-09-11T19:16:07","guid":{"rendered":"https:\/\/www.visionweb.com.ar\/?p=15794"},"modified":"2024-09-11T16:16:07","modified_gmt":"2024-09-11T19:16:07","slug":"reforma-jubilatoria-diputados-valido-el-veto-de-milei","status":"publish","type":"post","link":"https:\/\/www.visionweb.com.ar\/?p=15794","title":{"rendered":"Reforma jubilatoria: Diputados valid\u00f3 el veto de Milei"},"content":{"rendered":"<p><em><strong>Sin alcanzar los dos tercios necesarios para sostener la ley de reforma jubilatoria, disputados avalaron el veto del presidente Javier Milei.<\/strong><\/em>\u00a0 <!--more--><\/p>\n<p><img loading=\"lazy\" decoding=\"async\" class=\"size-medium wp-image-4779 alignright\" src=\"https:\/\/www.visionweb.com.ar\/wp-content\/uploads\/2022\/03\/CAMARA-DE-DIPUTADOS-DE-LA-NACION-300x200.png\" alt=\"\" width=\"300\" height=\"200\" srcset=\"https:\/\/www.visionweb.com.ar\/wp-content\/uploads\/2022\/03\/CAMARA-DE-DIPUTADOS-DE-LA-NACION-300x200.png 300w, https:\/\/www.visionweb.com.ar\/wp-content\/uploads\/2022\/03\/CAMARA-DE-DIPUTADOS-DE-LA-NACION-768x513.png 768w, https:\/\/www.visionweb.com.ar\/wp-content\/uploads\/2022\/03\/CAMARA-DE-DIPUTADOS-DE-LA-NACION.png 800w\" sizes=\"auto, (max-width: 300px) 100vw, 300px\" \/>La C\u00e1mara de Diputados ratific\u00f3 esta tarde el veto del presidente Javier Milei a la ley de reforma jubilatoria sancionada por la oposici\u00f3n y que buscaba aumentar los haberes del sector previsional.<\/p>\n<p>El oficialismo logr\u00f3 el apoyo clave del PRO y de un grupo de radicales para sostener el veto, el resultado final fue 153 a favor, 87 en contra y 8 abstenciones.<\/p>\n<p>Sin mayores problemas para conseguir el qu\u00f3rum, la reuni\u00f3n arranc\u00f3 a las 11.15 con la presencia de todos los espacios.<\/p>\n<p>Al no haberse convocado a reuni\u00f3n de Labor Parlamentaria, algo que algunos reclamaron a <strong>Mart\u00edn Menem<\/strong>, titular del Cuerpo, se pas\u00f3 a un breve cuarto intermedio para que los jefes de bloques acordaran la lista de oradores y el debate comenz\u00f3 11.53.<\/p>\n<p>La sesi\u00f3n hab\u00eda sido solicitada la semana pasada por diputados de la UCR, Encuentro Federal y la Coalici\u00f3n C\u00edvica.<\/p>\n<p>Si bien varios opositores sab\u00edan que alcanzar el n\u00famero de los dos tercios de los presentes para la insistencia de la ley era complicado, consideraron que hab\u00eda que convocar a discutir el tema antes de que se enfriara y se perdiera entre otras cuestiones. O antes de que el Poder Ejecutivo lograra persuadir a m\u00e1s legisladores.<\/p>\n<p>En tanto se produjeron una serie de serie de incidentes en las inmediaciones del Congreso despu\u00e9s de que la C\u00e1mara baja confirmara el veto presidencial a la ley que buscaba incrementar las jubilaciones.<\/p>\n<p>Los manifestantes, entre los que hab\u00eda jubilados y organizaciones pol\u00edticas, fueron reprimidos con gases lacrim\u00f3genos por la Polic\u00eda Federal despu\u00e9s de haber tirado las vallas de seguridad que rodeaban la zona<strong>(VW)<\/strong>.<\/p>\n<p>&nbsp;<\/p>\n","protected":false},"excerpt":{"rendered":"<p>Sin alcanzar los dos tercios necesarios para sostener la ley de reforma jubilatoria, disputados avalaron el veto del presidente Javier Milei.\u00a0<\/p>\n","protected":false},"author":3,"featured_media":4779,"comment_status":"closed","ping_status":"closed","sticky":false,"template":"","format":"standard","meta":{"_monsterinsights_skip_tracking":false,"_monsterinsights_sitenote_active":false,"_monsterinsights_sitenote_note":"","_monsterinsights_sitenote_category":0,"footnotes":""},"categories":[4],"tags":[143,6694,4530,6510],"class_list":["post-15794","post","type-post","status-publish","format-standard","has-post-thumbnail","hentry","category-politica","tag-diputados","tag-dos-tercios","tag-milei","tag-movilidad"],"_links":{"self":[{"href":"https:\/\/www.visionweb.com.ar\/index.php?rest_route=\/wp\/v2\/posts\/15794","targetHints":{"allow":["GET"]}}],"collection":[{"href":"https:\/\/www.visionweb.com.ar\/index.php?rest_route=\/wp\/v2\/posts"}],"about":[{"href":"https:\/\/www.visionweb.com.ar\/index.php?rest_route=\/wp\/v2\/types\/post"}],"author":[{"embeddable":true,"href":"https:\/\/www.visionweb.com.ar\/index.php?rest_route=\/wp\/v2\/users\/3"}],"replies":[{"embeddable":true,"href":"https:\/\/www.visionweb.com.ar\/index.php?rest_route=%2Fwp%2Fv2%2Fcomments&post=15794"}],"version-history":[{"count":1,"href":"https:\/\/www.visionweb.com.ar\/index.php?rest_route=\/wp\/v2\/posts\/15794\/revisions"}],"predecessor-version":[{"id":15795,"href":"https:\/\/www.visionweb.com.ar\/index.php?rest_route=\/wp\/v2\/posts\/15794\/revisions\/15795"}],"wp:featuredmedia":[{"embeddable":true,"href":"https:\/\/www.visionweb.com.ar\/index.php?rest_route=\/wp\/v2\/media\/4779"}],"wp:attachment":[{"href":"https:\/\/www.visionweb.com.ar\/index.php?rest_route=%2Fwp%2Fv2%2Fmedia&parent=15794"}],"wp:term":[{"taxonomy":"category","embeddable":true,"href":"https:\/\/www.visionweb.com.ar\/index.php?rest_route=%2Fwp%2Fv2%2Fcategories&post=15794"},{"taxonomy":"post_tag","embeddable":true,"href":"https:\/\/www.visionweb.com.ar\/index.php?rest_route=%2Fwp%2Fv2%2Ftags&post=15794"}],"curies":[{"name":"wp","href":"https:\/\/api.w.org\/{rel}","templated":true}]}}