{"id":15778,"date":"2024-09-11T12:30:50","date_gmt":"2024-09-11T15:30:50","guid":{"rendered":"https:\/\/www.visionweb.com.ar\/?p=15778"},"modified":"2024-09-11T12:30:50","modified_gmt":"2024-09-11T15:30:50","slug":"intendentes-acusan-a-caputo-de-querer-ahogar-a-los-municipios-tras-nueva-resolucion-sobre-tasas","status":"publish","type":"post","link":"https:\/\/www.visionweb.com.ar\/?p=15778","title":{"rendered":"Intendentes acusan a Caputo de querer \u201cahogar\u201d a los municipios tras nueva resoluci\u00f3n sobre tasas"},"content":{"rendered":"<p><em><strong>El Gobierno de Javier Milei oficializ\u00f3 la medida que proh\u00edbe cobrar tributos locales en boletas de servicios p\u00fablicos.<\/strong><\/em><!--more--><\/p>\n<p><img loading=\"lazy\" decoding=\"async\" class=\"size-medium wp-image-14583 alignright\" src=\"https:\/\/www.visionweb.com.ar\/wp-content\/uploads\/2024\/05\/Plaza-lomas-300x234.png\" alt=\"\" width=\"300\" height=\"234\" srcset=\"https:\/\/www.visionweb.com.ar\/wp-content\/uploads\/2024\/05\/Plaza-lomas-300x234.png 300w, https:\/\/www.visionweb.com.ar\/wp-content\/uploads\/2024\/05\/Plaza-lomas.png 430w\" sizes=\"auto, (max-width: 300px) 100vw, 300px\" \/>\u00a0El gobierno nacional oficializ\u00f3 la prohibici\u00f3n de cobrar tasas municipales en servicios p\u00fablicos, una medida que hab\u00eda adelantado el ministro de Econom\u00eda, Luis Caputo, y que hizo escalar la tensi\u00f3n de la administraci\u00f3n nacional con los intendentes, quienes advierten que se trata de un mecanismo para \u201cahogar\u201d a los municipios.<\/p>\n<p>Todo comenz\u00f3 la semana pasada cuando Caputo critic\u00f3 a los intendentes por los elevados tributos locales y los acus\u00f3 de \u201cobstaculizar el programa econ\u00f3mico\u201d del Gobierno para bajar la inflaci\u00f3n.<\/p>\n<p>Los jefes comunales se defendieron al explicar que el recorte de fondos y de transferencias afectan el funcionamiento de las comunas y que se trata de tributos progresivos que buscan redistribuir la carga impositiva sobre los sectores econ\u00f3micos con mayor capacidad contributiva. \u201cParece un modus operandi: rompen todo y le echan la culpa a otro\u201d, le reprocharon.<\/p>\n<p>El Gobierno busc\u00f3 entre sus posibilidades un mecanismo para limitar esos cobros. Ayer, Caputo anunci\u00f3 la medida en redes y hoy fue oficializada. Esa decisi\u00f3n promete a\u00fan m\u00e1s pol\u00e9mica, al verse concretada en una resoluci\u00f3n oficial que se mete de lleno en la discusi\u00f3n por los recursos entre las distintas jurisdicciones.<\/p>\n<p>La medida fue establecida en el Bolet\u00edn Oficial mediante la resoluci\u00f3n 2024-267 de la Secretar\u00eda de Comercio, que dirige Pablo Lavigne.<\/p>\n<p>En su art\u00edculo primero dicta: \u201cLa informaci\u00f3n relacionada con los conceptos contenidos en los comprobantes emitidos por los proveedores de bienes y servicios en el marco de las relaciones de consumo, conforme las denomina el Art\u00edculo 3\u00b0 de la Ley N\u00b0 24.240 y sus modificatorias, deber\u00e1n referirse en forma \u00fanica y exclusiva al bien o servicio contratado espec\u00edficamente por el consumidor y suministrado por el proveedor, no pudiendo contener sumas o conceptos ajenos a dicho bien o servicio, sin perjuicio de toda otra informaci\u00f3n de car\u00e1cter general que corresponda incluir en el documento emitido, conforme a la norma aplicable\u201d.<\/p>\n<p>Tras conocerse la oficializaci\u00f3n fueron varios los intendentes que salieron fuerte al cruce. La intendenta de Quilmes, Mayra Mendoza, consider\u00f3 que \u201cel gobierno de Javier Milei tiene decidido ahogar a los municipios\u201d.<\/p>\n<p>En esa l\u00ednea, le reproch\u00f3 que \u201clas tasas que se cobran en las boletas est\u00e1n por convenio hace a\u00f1os y no han variado sustancialmente en el \u00faltimo tiempo. Lo que s\u00ed cambi\u00f3 son los valores de las facturas, como podemos ver en las im\u00e1genes\u201d.<\/p>\n<p>\u201cLo que est\u00e1n viendo todas las familias argentinas es un tarifazo insensible e impagable de hasta 300%, y que en algunos casos los valores ya superan una jubilaci\u00f3n m\u00ednima a la que, como si fuera poco, buscan vetarle un aumento. Esto es lo que quieren tapar atacando a los municipios\u201d, dijo Mendoza.<\/p>\n<p>En la misma l\u00ednea se expres\u00f3 su par de San Pedro, Cecilio Salazar. En un extenso comunicado plante\u00f3 que \u201cla verdadera causa de la ca\u00edda del consumo y la recesi\u00f3n no se debe a nuestras tasas municipales, sino a las pol\u00edticas econ\u00f3micas del Gobierno Nacional, que han generado un ajuste desmedido y una devaluaci\u00f3n que ha licuado los salarios de los trabajadores y jubilados\u201d.<\/p>\n<p>Y record\u00f3: \u201cEs importante aclarar que, seg\u00fan lo establece la Constituci\u00f3n Provincial, tenemos la capacidad de fijar nuestras tasas de acuerdo a las necesidades locales, siempre dentro del marco legal que nos otorga la provincia\u201d.<\/p>\n<p>Por su parte, Julio Zamora, de Tigre, tambi\u00e9n consider\u00f3 que la medida del Gobierno \u201ces un hecho inconstitucional porque mediante un decreto se quiere modificar una ley provincial\u201d. Y sostuvo: \u201cGobernar tambi\u00e9n es cobrar impuestos. Tenemos esa responsabilidad. La verdad es que tenemos que sostener una situaci\u00f3n econ\u00f3mica y social que nos implica m\u00e1s gastos, y vemos que el Gobierno nacional pretende que tengamos menos recursos o menos posibilidades de acceder a ingresos\u201d, consider\u00f3 en declaraciones radiales<strong>(VW)<\/strong>.<\/p>\n<figure class=\"wp-block-embed is-type-rich is-provider-twitter wp-block-embed-twitter\">\n<div class=\"wp-block-embed__wrapper\"><\/div>\n<\/figure>\n","protected":false},"excerpt":{"rendered":"<p>El Gobierno de Javier Milei oficializ\u00f3 la medida que proh\u00edbe cobrar tributos locales en boletas de servicios p\u00fablicos.<\/p>\n","protected":false},"author":3,"featured_media":14583,"comment_status":"closed","ping_status":"closed","sticky":false,"template":"","format":"standard","meta":{"_monsterinsights_skip_tracking":false,"_monsterinsights_sitenote_active":false,"_monsterinsights_sitenote_note":"","_monsterinsights_sitenote_category":0,"footnotes":""},"categories":[8],"tags":[6686,148,2158,217],"class_list":["post-15778","post","type-post","status-publish","format-standard","has-post-thumbnail","hentry","category-interes-general","tag-cuestionamientos","tag-municipios","tag-prohibicion","tag-tasas"],"_links":{"self":[{"href":"https:\/\/www.visionweb.com.ar\/index.php?rest_route=\/wp\/v2\/posts\/15778","targetHints":{"allow":["GET"]}}],"collection":[{"href":"https:\/\/www.visionweb.com.ar\/index.php?rest_route=\/wp\/v2\/posts"}],"about":[{"href":"https:\/\/www.visionweb.com.ar\/index.php?rest_route=\/wp\/v2\/types\/post"}],"author":[{"embeddable":true,"href":"https:\/\/www.visionweb.com.ar\/index.php?rest_route=\/wp\/v2\/users\/3"}],"replies":[{"embeddable":true,"href":"https:\/\/www.visionweb.com.ar\/index.php?rest_route=%2Fwp%2Fv2%2Fcomments&post=15778"}],"version-history":[{"count":1,"href":"https:\/\/www.visionweb.com.ar\/index.php?rest_route=\/wp\/v2\/posts\/15778\/revisions"}],"predecessor-version":[{"id":15779,"href":"https:\/\/www.visionweb.com.ar\/index.php?rest_route=\/wp\/v2\/posts\/15778\/revisions\/15779"}],"wp:featuredmedia":[{"embeddable":true,"href":"https:\/\/www.visionweb.com.ar\/index.php?rest_route=\/wp\/v2\/media\/14583"}],"wp:attachment":[{"href":"https:\/\/www.visionweb.com.ar\/index.php?rest_route=%2Fwp%2Fv2%2Fmedia&parent=15778"}],"wp:term":[{"taxonomy":"category","embeddable":true,"href":"https:\/\/www.visionweb.com.ar\/index.php?rest_route=%2Fwp%2Fv2%2Fcategories&post=15778"},{"taxonomy":"post_tag","embeddable":true,"href":"https:\/\/www.visionweb.com.ar\/index.php?rest_route=%2Fwp%2Fv2%2Ftags&post=15778"}],"curies":[{"name":"wp","href":"https:\/\/api.w.org\/{rel}","templated":true}]}}