{"id":15774,"date":"2024-09-11T12:08:04","date_gmt":"2024-09-11T15:08:04","guid":{"rendered":"https:\/\/www.visionweb.com.ar\/?p=15774"},"modified":"2024-09-11T12:19:00","modified_gmt":"2024-09-11T15:19:00","slug":"15774","status":"publish","type":"post","link":"https:\/\/www.visionweb.com.ar\/?p=15774","title":{"rendered":"El ENRE multar\u00e1 a usuarios que no midan el factor de potencia"},"content":{"rendered":"<p><em><strong>Esta tecnolog\u00eda permite una gesti\u00f3n remota del servicio, lo que reduce la necesidad de inspecciones f\u00edsicas y mejora la eficiencia operativa del sistema el\u00e9ctrico.<\/strong><\/em><!--more--><\/p>\n<p><strong><img loading=\"lazy\" decoding=\"async\" class=\"size-medium wp-image-4785 alignright\" src=\"https:\/\/www.visionweb.com.ar\/wp-content\/uploads\/2022\/03\/ENERGIA-300x167.png\" alt=\"\" width=\"300\" height=\"167\" srcset=\"https:\/\/www.visionweb.com.ar\/wp-content\/uploads\/2022\/03\/ENERGIA-300x167.png 300w, https:\/\/www.visionweb.com.ar\/wp-content\/uploads\/2022\/03\/ENERGIA-768x428.png 768w, https:\/\/www.visionweb.com.ar\/wp-content\/uploads\/2022\/03\/ENERGIA.png 800w\" sizes=\"auto, (max-width: 300px) 100vw, 300px\" \/>El\u00a0Ente Nacional Regulador de la Electricidad (ENRE) emiti\u00f3 una resoluci\u00f3n que busca \u201cafrontar\u201d la crisis energ\u00e9tica y con las resoluci\u00f3n 628\/2024 establece de medidas\u00a0para que cada usuario cumpla el\u00a0\u201cfactor de potencia\u201d.<\/strong><\/p>\n<p>La situaci\u00f3n actual, marcada por la creciente demanda energ\u00e9tica y la insuficiente capacidad de abastecimiento puso en la mesa de discusi\u00f3n,\u00a0<strong>por parte de los especialistas, el factor de potencia.<\/strong><\/p>\n<p>El ENRE considera que la mejora del\u00a0<strong>factor de potencia, es un indicador clave de la eficiencia energ\u00e9tica,<\/strong>\u00a0y la introducci\u00f3n de medidores inteligentes para un mejor control del consumo el\u00e9ctrico en el \u00c1rea Metropolitana de Buenos Aires (AMBA).<\/p>\n<p>El factor de potencia mide la eficiencia con la que se utiliza la electricidad en los sistemas de consumo. Idealmente,\u00a0<strong>este factor debe ser de 0,95 o superior para garantizar que la energ\u00eda se aproveche de manera \u00f3ptima.<\/strong><\/p>\n<p>Cuando el factor de potencia es inferior a este valor, se produce un desperdicio de energ\u00eda reactiva que no contribuye al funcionamiento de los dispositivos el\u00e9ctricos y genera p\u00e9rdidas en las redes de distribuci\u00f3n.<\/p>\n<p>Para corregir esta ineficiencia,\u00a0<strong>la resoluci\u00f3n del ENRE establece un recargo para los usuarios que no mantengan un factor de potencia adecuado.\u00a0<\/strong><\/p>\n<p>Este recargo tiene el prop\u00f3sito de incentivar a los usuarios a mejorar sus sistemas de consumo, ya sea a trav\u00e9s de la instalaci\u00f3n de equipos de compensaci\u00f3n o mediante la reducci\u00f3n de su consumo.<\/p>\n<p>Uno de los puntos centrales de la\u00a0<strong>Resoluci\u00f3n 628\/2024 es la introducci\u00f3n de los medidores inteligentes, una herramienta fundamental para modernizar la gesti\u00f3n del consumo el\u00e9ctrico en el AMBA<\/strong>.<\/p>\n<p>Entre otras cosas, esta tecnolog\u00eda permite una gesti\u00f3n remota del servicio, lo que reduce la necesidad de inspecciones f\u00edsicas y mejora la eficiencia operativa del sistema el\u00e9ctrico en su conjunto.<\/p>\n<p>Para financiar la instalaci\u00f3n de estos medidores,\u00a0el ENRE ha establecido que los fondos recaudados por los recargos aplicados por el exceso de energ\u00eda reactiva se destinen exclusivamente a la implementaci\u00f3n del Programa de Medici\u00f3n\u00a0Inteligente en las \u00e1reas de concesi\u00f3n de Edenor y Edesur.<\/p>\n<p><strong>Si el factor de\u00a0potencia cae por debajo de 0,60, las distribuidoras estar\u00e1n facultadas para suspender el servicio el\u00e9ctrico hasta que el usuario ajuste sus instalaciones a los niveles adecuados.<\/strong><\/p>\n<p><strong>La resoluci\u00f3n except\u00faa a los usuarios residenciales monof\u00e1sicos del recargo por exceso de energ\u00eda reactiva, debido a que en estos casos el impacto es menor y los riesgos asociados a la sobrecompensaci\u00f3n pueden ser m\u00e1s perjudiciales que las p\u00e9rdidas energ\u00e9ticas.(VW)<\/strong><\/p>\n","protected":false},"excerpt":{"rendered":"<p>Esta tecnolog\u00eda permite una gesti\u00f3n remota del servicio, lo que reduce la necesidad de inspecciones f\u00edsicas y mejora la eficiencia operativa del sistema el\u00e9ctrico.<\/p>\n","protected":false},"author":3,"featured_media":535,"comment_status":"closed","ping_status":"closed","sticky":false,"template":"","format":"standard","meta":{"_monsterinsights_skip_tracking":false,"_monsterinsights_sitenote_active":false,"_monsterinsights_sitenote_note":"","_monsterinsights_sitenote_category":0,"footnotes":""},"categories":[8],"tags":[3551,131,195,6685],"class_list":["post-15774","post","type-post","status-publish","format-standard","has-post-thumbnail","hentry","category-interes-general","tag-caida","tag-consumo","tag-energia","tag-factor-de-potencia"],"_links":{"self":[{"href":"https:\/\/www.visionweb.com.ar\/index.php?rest_route=\/wp\/v2\/posts\/15774","targetHints":{"allow":["GET"]}}],"collection":[{"href":"https:\/\/www.visionweb.com.ar\/index.php?rest_route=\/wp\/v2\/posts"}],"about":[{"href":"https:\/\/www.visionweb.com.ar\/index.php?rest_route=\/wp\/v2\/types\/post"}],"author":[{"embeddable":true,"href":"https:\/\/www.visionweb.com.ar\/index.php?rest_route=\/wp\/v2\/users\/3"}],"replies":[{"embeddable":true,"href":"https:\/\/www.visionweb.com.ar\/index.php?rest_route=%2Fwp%2Fv2%2Fcomments&post=15774"}],"version-history":[{"count":3,"href":"https:\/\/www.visionweb.com.ar\/index.php?rest_route=\/wp\/v2\/posts\/15774\/revisions"}],"predecessor-version":[{"id":15777,"href":"https:\/\/www.visionweb.com.ar\/index.php?rest_route=\/wp\/v2\/posts\/15774\/revisions\/15777"}],"wp:featuredmedia":[{"embeddable":true,"href":"https:\/\/www.visionweb.com.ar\/index.php?rest_route=\/wp\/v2\/media\/535"}],"wp:attachment":[{"href":"https:\/\/www.visionweb.com.ar\/index.php?rest_route=%2Fwp%2Fv2%2Fmedia&parent=15774"}],"wp:term":[{"taxonomy":"category","embeddable":true,"href":"https:\/\/www.visionweb.com.ar\/index.php?rest_route=%2Fwp%2Fv2%2Fcategories&post=15774"},{"taxonomy":"post_tag","embeddable":true,"href":"https:\/\/www.visionweb.com.ar\/index.php?rest_route=%2Fwp%2Fv2%2Ftags&post=15774"}],"curies":[{"name":"wp","href":"https:\/\/api.w.org\/{rel}","templated":true}]}}