{"id":15771,"date":"2024-09-11T11:29:28","date_gmt":"2024-09-11T14:29:28","guid":{"rendered":"https:\/\/www.visionweb.com.ar\/?p=15771"},"modified":"2024-09-11T11:29:28","modified_gmt":"2024-09-11T14:29:28","slug":"recordaran-la-noche-de-los-lapices-en-el-paseo-de-la-memoria","status":"publish","type":"post","link":"https:\/\/www.visionweb.com.ar\/?p=15771","title":{"rendered":"Recordar\u00e1n la Noche de los L\u00e1pices en el Paseo de la Memoria"},"content":{"rendered":"<p><em><strong>Organizada por la municipalidad de Lan\u00fas, ser\u00e1 el pr\u00f3ximo viernes en el Paseo de la Memoria. Tambi\u00e9n se exhibir\u00e1 un mural m\u00f3vil con im\u00e1genes y textos alusivos.<\/strong><\/em>\u00a0 <!--more--><\/p>\n<p><img loading=\"lazy\" decoding=\"async\" class=\"size-medium wp-image-15772 alignright\" src=\"https:\/\/www.visionweb.com.ar\/wp-content\/uploads\/2024\/09\/PASEOO-DE-LA-MEMORIA-300x200.jpg\" alt=\"\" width=\"300\" height=\"200\" srcset=\"https:\/\/www.visionweb.com.ar\/wp-content\/uploads\/2024\/09\/PASEOO-DE-LA-MEMORIA-300x200.jpg 300w, https:\/\/www.visionweb.com.ar\/wp-content\/uploads\/2024\/09\/PASEOO-DE-LA-MEMORIA.jpg 640w\" sizes=\"auto, (max-width: 300px) 100vw, 300px\" \/>El pr\u00f3ximo viernes 13 de septiembre, el municipio de Lan\u00fas,\u00a0 conmemorar\u00e1 el 48\u00aa aniversario de \u00abLa Noche de los L\u00e1pices\u00bb en el Paseo de la Memoria, ubicado en Domingo Purita 1550, Remedios de Escalada.<\/p>\n<p>El encuentro se realizar\u00e1 entre De 13 a 17 horas, las y los vecinos podr\u00e1n asistir a este homenaje en el que habr\u00e1 una charla abierta con el sobreviviente, Pablo D\u00edaz.<\/p>\n<p>Asimismo, se presentar\u00e1 una exposici\u00f3n destinada a sintetizar los principales acontecimientos que englobaron ese oscuro pasaje de la historia nacional reciente, producto de la \u00faltima dictadura c\u00edvico militar de 1976.<\/p>\n<p>Para ello, tambi\u00e9n se exhibir\u00e1 un mural m\u00f3vil con im\u00e1genes y textos alusivos. En tanto, el cierre del encuentro ser\u00e1 coronado con un show a cargo de bandas locales.<\/p>\n<p>El 16 de septiembre de 1976 y d\u00edas sucesivos, un grupo de j\u00f3venes militantes fueron secuestrados en la ciudad de La Plata por miembros de la Polic\u00eda de la Provincia de Buenos Aires.<\/p>\n<p>Eran los primeros meses de la dictadura c\u00edvico-militar que finaliz\u00f3 en diciembre de 1983. La fecha qued\u00f3 grabada en la memoria colectiva como \u201cLa noche de los l\u00e1pices\u201d.<\/p>\n<p>La mayor\u00eda de los j\u00f3venes ten\u00eda militancia pol\u00edtica en la Uni\u00f3n de Estudiantes Secundarios, agrupaci\u00f3n estudiantil encuadrada en el peronismo, y en la Juventud Guevarista, rama juvenil del Partido Revolucionario de los Trabajadores. Algunos de ellos hab\u00edan participado, durante la primavera de 1975, en las movilizaciones que reclamaron y obtuvieron el Boleto Estudiantil Secundario<strong>(VW)<\/strong>.<\/p>\n<p>&nbsp;<\/p>\n","protected":false},"excerpt":{"rendered":"<p>Organizada por la municipalidad de Lan\u00fas, ser\u00e1 el pr\u00f3ximo viernes en el Paseo de la Memoria. Tambi\u00e9n se exhibir\u00e1 un mural m\u00f3vil con im\u00e1genes y textos alusivos.\u00a0<\/p>\n","protected":false},"author":3,"featured_media":15772,"comment_status":"closed","ping_status":"closed","sticky":false,"template":"","format":"standard","meta":{"_monsterinsights_skip_tracking":false,"_monsterinsights_sitenote_active":false,"_monsterinsights_sitenote_note":"","_monsterinsights_sitenote_category":0,"footnotes":""},"categories":[7,8],"tags":[1079,95,6684],"class_list":["post-15771","post","type-post","status-publish","format-standard","has-post-thumbnail","hentry","category-educacion-y-cultura","category-interes-general","tag-estudiantes","tag-la-plata","tag-lapices"],"_links":{"self":[{"href":"https:\/\/www.visionweb.com.ar\/index.php?rest_route=\/wp\/v2\/posts\/15771","targetHints":{"allow":["GET"]}}],"collection":[{"href":"https:\/\/www.visionweb.com.ar\/index.php?rest_route=\/wp\/v2\/posts"}],"about":[{"href":"https:\/\/www.visionweb.com.ar\/index.php?rest_route=\/wp\/v2\/types\/post"}],"author":[{"embeddable":true,"href":"https:\/\/www.visionweb.com.ar\/index.php?rest_route=\/wp\/v2\/users\/3"}],"replies":[{"embeddable":true,"href":"https:\/\/www.visionweb.com.ar\/index.php?rest_route=%2Fwp%2Fv2%2Fcomments&post=15771"}],"version-history":[{"count":1,"href":"https:\/\/www.visionweb.com.ar\/index.php?rest_route=\/wp\/v2\/posts\/15771\/revisions"}],"predecessor-version":[{"id":15773,"href":"https:\/\/www.visionweb.com.ar\/index.php?rest_route=\/wp\/v2\/posts\/15771\/revisions\/15773"}],"wp:featuredmedia":[{"embeddable":true,"href":"https:\/\/www.visionweb.com.ar\/index.php?rest_route=\/wp\/v2\/media\/15772"}],"wp:attachment":[{"href":"https:\/\/www.visionweb.com.ar\/index.php?rest_route=%2Fwp%2Fv2%2Fmedia&parent=15771"}],"wp:term":[{"taxonomy":"category","embeddable":true,"href":"https:\/\/www.visionweb.com.ar\/index.php?rest_route=%2Fwp%2Fv2%2Fcategories&post=15771"},{"taxonomy":"post_tag","embeddable":true,"href":"https:\/\/www.visionweb.com.ar\/index.php?rest_route=%2Fwp%2Fv2%2Ftags&post=15771"}],"curies":[{"name":"wp","href":"https:\/\/api.w.org\/{rel}","templated":true}]}}