{"id":15768,"date":"2024-09-10T15:24:16","date_gmt":"2024-09-10T18:24:16","guid":{"rendered":"https:\/\/www.visionweb.com.ar\/?p=15768"},"modified":"2024-09-10T15:24:16","modified_gmt":"2024-09-10T18:24:16","slug":"educacion-inicial-la-provincia-quiere-sumar-la-sala-de-3-como-obligatoria","status":"publish","type":"post","link":"https:\/\/www.visionweb.com.ar\/?p=15768","title":{"rendered":"Educaci\u00f3n inicial: La Provincia quiere sumar la sala de 3 como obligatoria"},"content":{"rendered":"<p><em><strong>Lo anunci\u00f3 Axel Kicillof junto al ministro de Educaci\u00f3n, Alberto Sileoni. Enviar\u00e1n a Diputados un proyecto para la obligatoriedad de la sala de 3.<\/strong><\/em><!--more--><\/p>\n<p><img loading=\"lazy\" decoding=\"async\" class=\"size-medium wp-image-15769 alignright\" src=\"https:\/\/www.visionweb.com.ar\/wp-content\/uploads\/2024\/09\/kicillof-y-sileoni-300x253.png\" alt=\"\" width=\"300\" height=\"253\" srcset=\"https:\/\/www.visionweb.com.ar\/wp-content\/uploads\/2024\/09\/kicillof-y-sileoni-300x253.png 300w, https:\/\/www.visionweb.com.ar\/wp-content\/uploads\/2024\/09\/kicillof-y-sileoni.png 549w\" sizes=\"auto, (max-width: 300px) 100vw, 300px\" \/> <strong>E<\/strong>l gobernador de la provincia de Buenos Aires, <strong>Axel Kicillof<\/strong>, anunci\u00f3 hoy, en el marco de un acto por el D\u00eda del Maestro, que\u00a0<strong>enviar\u00e1 un proyecto a la Legislatura para hacer obligatoria la asistencia a sala de 3 a\u00f1os<\/strong>.<\/p>\n<p>La idea es mejorar los \u00edndices de\u00a0<strong>asistencia de los m\u00e1s chicos a la educaci\u00f3n inicial que actualmente es del 74% en provincia\u00a0<\/strong>y del 64% a nivel nacional.<\/p>\n<p>\u201cEste es un anuncio muy esperado\u201d sostuvo remarc\u00f3 que frente a los continuos ataques de la derecha \u201ca la escuela p\u00fablica que pretenden a base de repetici\u00f3n convertirse en sentido com\u00fan\u201d el mandato de su gesti\u00f3n otorgado por los bonaerenses es\u00a0<strong>\u201cm\u00e1s y mejor educaci\u00f3n p\u00fablica. Nuestra provincia ama a la educaci\u00f3n p\u00fablica\u201d,\u00a0<\/strong>sostuvo.<\/p>\n<p>Acompa\u00f1ado por el Director general de Cultura y Educaci\u00f3n de la Provincia de Buenos Aires,<strong>\u00a0Alberto Sileoni<\/strong>, y junto a docentes, inspectores, sindicatos de maestros y estatales, funcionarios, intendentes y el presidente de la C\u00e1mara de Diputados bonaerense,\u00a0<strong>Alejandro Dichiara<\/strong>, el mandatario provincial present\u00f3 la iniciativa para la escuela inicial.<\/p>\n<p>\u00abEl ataque a la escuela p\u00fablica fracas\u00f3. Por m\u00e1s que se\u00f1alen, ataquen, insulten, en cada pueblo de la provincia siempre entre lo m\u00e1s solicitado est\u00e1 la escuela p\u00fablica. Atacan la columna vertebral de la sociedad bonaerense. Lo que no muestran es la tarea cotidiana de sus maestros\u00bb,\u00a0dijo.<\/p>\n<p>Otro de los anuncios del acto fue la firma de convenios para la construcci\u00f3n de 19 edificios escolares en 11 municipios entre ellos en\u00a0<strong>Presidente Per\u00f3n, San Vicente, Ezeiza, Esteban Echeverr\u00eda y Lomas de Zamora.<\/strong><\/p>\n<p>\u201cEste anuncio lo hacemos en un contexto donde\u00a0<strong>nos han parado mil obras del gobierno nacional 80 de ellas son escuelas<\/strong>\u201d advirti\u00f3 <strong>Kicillof<\/strong>, quien contrarrest\u00f3 las pol\u00edticas nacionales a las de la provincia: \u201cLlevamos inauguradas 230 nuevas escuelas y 106 son jardines de infantes\u201d, detall\u00f3. <strong>(VW)<\/strong><\/p>\n<p>&nbsp;<\/p>\n","protected":false},"excerpt":{"rendered":"<p>Lo anunci\u00f3 Axel Kicillof junto al ministro de Educaci\u00f3n, Alberto Sileoni. Enviar\u00e1n a Diputados un proyecto para la obligatoriedad de la sala de 3.<\/p>\n","protected":false},"author":4,"featured_media":15769,"comment_status":"closed","ping_status":"closed","sticky":false,"template":"","format":"standard","meta":{"_monsterinsights_skip_tracking":false,"_monsterinsights_sitenote_active":false,"_monsterinsights_sitenote_note":"","_monsterinsights_sitenote_category":0,"footnotes":""},"categories":[7,4],"tags":[167,6683,1953,2160],"class_list":["post-15768","post","type-post","status-publish","format-standard","has-post-thumbnail","hentry","category-educacion-y-cultura","category-politica","tag-kicillof","tag-obligatoriedad-sala-de-3","tag-proyecto","tag-sileoni"],"_links":{"self":[{"href":"https:\/\/www.visionweb.com.ar\/index.php?rest_route=\/wp\/v2\/posts\/15768","targetHints":{"allow":["GET"]}}],"collection":[{"href":"https:\/\/www.visionweb.com.ar\/index.php?rest_route=\/wp\/v2\/posts"}],"about":[{"href":"https:\/\/www.visionweb.com.ar\/index.php?rest_route=\/wp\/v2\/types\/post"}],"author":[{"embeddable":true,"href":"https:\/\/www.visionweb.com.ar\/index.php?rest_route=\/wp\/v2\/users\/4"}],"replies":[{"embeddable":true,"href":"https:\/\/www.visionweb.com.ar\/index.php?rest_route=%2Fwp%2Fv2%2Fcomments&post=15768"}],"version-history":[{"count":1,"href":"https:\/\/www.visionweb.com.ar\/index.php?rest_route=\/wp\/v2\/posts\/15768\/revisions"}],"predecessor-version":[{"id":15770,"href":"https:\/\/www.visionweb.com.ar\/index.php?rest_route=\/wp\/v2\/posts\/15768\/revisions\/15770"}],"wp:featuredmedia":[{"embeddable":true,"href":"https:\/\/www.visionweb.com.ar\/index.php?rest_route=\/wp\/v2\/media\/15769"}],"wp:attachment":[{"href":"https:\/\/www.visionweb.com.ar\/index.php?rest_route=%2Fwp%2Fv2%2Fmedia&parent=15768"}],"wp:term":[{"taxonomy":"category","embeddable":true,"href":"https:\/\/www.visionweb.com.ar\/index.php?rest_route=%2Fwp%2Fv2%2Fcategories&post=15768"},{"taxonomy":"post_tag","embeddable":true,"href":"https:\/\/www.visionweb.com.ar\/index.php?rest_route=%2Fwp%2Fv2%2Ftags&post=15768"}],"curies":[{"name":"wp","href":"https:\/\/api.w.org\/{rel}","templated":true}]}}