{"id":15765,"date":"2024-09-10T14:49:25","date_gmt":"2024-09-10T17:49:25","guid":{"rendered":"https:\/\/www.visionweb.com.ar\/?p=15765"},"modified":"2024-09-10T14:49:25","modified_gmt":"2024-09-10T17:49:25","slug":"julian-alvarez-y-mayra-mendoza-hicieron-una-presentacion-judicial-por-la-incidencia-del-puerto-de-dock-sud","status":"publish","type":"post","link":"https:\/\/www.visionweb.com.ar\/?p=15765","title":{"rendered":"Juli\u00e1n \u00c1lvarez y Mayra Mendoza hicieron una presentaci\u00f3n judicial por la incidencia del Puerto de Dock Sud"},"content":{"rendered":"<p><em><strong>La tensi\u00f3n entre La C\u00e1mpora y Ferraresi por el Puerto de Dock Sud se profundiza. Pidieron a la Justicia un informe sobre la actividad econ\u00f3mica del puerto, que permitir\u00e1 establecer el impacto que provoca en ambos distritos.<\/strong><\/em><!--more--><\/p>\n<p><strong> <img loading=\"lazy\" decoding=\"async\" class=\"size-medium wp-image-15766 alignright\" src=\"https:\/\/www.visionweb.com.ar\/wp-content\/uploads\/2024\/09\/dock-sur-puerto-300x137.png\" alt=\"\" width=\"300\" height=\"137\" srcset=\"https:\/\/www.visionweb.com.ar\/wp-content\/uploads\/2024\/09\/dock-sur-puerto-300x137.png 300w, https:\/\/www.visionweb.com.ar\/wp-content\/uploads\/2024\/09\/dock-sur-puerto.png 611w\" sizes=\"auto, (max-width: 300px) 100vw, 300px\" \/> \u00a0 L<\/strong>os<strong> jefes comunales de\u00a0Lan\u00fas, Juli\u00e1n \u00c1lvarez, y de Quilmes, Mayra Mendoza, presentaron ante la Justicia un pedido de informe <\/strong>acerca de la<strong> actividad econ\u00f3mica del Consorcio del Puerto ubicado en el partido de Avellaneda <\/strong>con el objetivo de determinar la incidencia de la log\u00edstica de \u00e9ste en ambos municipios.<\/p>\n<p>El pedido sali\u00f3 sorteado el\u00a0Juzgado en lo Civil y Comercial N\u00b0 3 de Avellaneda,\u00a0y se solicita a la Justicia <strong>la intervenci\u00f3n de un perito contador que verifique los asientos contables y proporcione informaci\u00f3n sobre la actividad de las empresas, mercader\u00edas, tasas y veh\u00edculos<\/strong>, entre otras cosas. Y adem\u00e1s que un <strong>perito inform\u00e1tico<\/strong> que extraiga datos del sistema de las empresas y del Consorcio, incluyendo detalles de carga, descarga, distribuci\u00f3n, control log\u00edstico, y rastreo satelital de veh\u00edculos.<\/p>\n<p>En ese sentido, el intendente de Lan\u00fas,<strong> Juli\u00e1n \u00c1lvarez, <\/strong>precis\u00f3 que:<strong> \u201cDesde los municipios de Lan\u00fas y Quilmes presentamos judicialmente un pedido de informes para conocer la actividad econ\u00f3mica del Consorcio de Gesti\u00f3n del Puerto de Dock Sud con el objetivo de determinar la real incidencia de la log\u00edstica del Puerto en ambos distritos\u201d<\/strong>.<\/p>\n<p>Mayra Mendoza, por su parte, remarc\u00f3 que\u00a0<strong>el objetivo es que \u201cel puerto pueda compensar el da\u00f1o en los municipios\u201d<\/strong>, y puso como ejemplo \u201cel deterioro permanente de la red de tr\u00e1nsito, en el cableado hidr\u00e1ulico y hasta en viviendas\u201d.<\/p>\n<p>\u00c1lvarez dio detalles de la prestaci\u00f3n de hoy.\u00a0<strong>\u201cPresentamos una medida judicial ante la Justicia ordinaria para determinar de forma cient\u00edfica, mediante pericia contable e inform\u00e1tica, la real incidencia que tiene la log\u00edstica del puerto sobre nuestras calles\u201d<\/strong>, mencion\u00f3.<\/p>\n<p>Mendoza, asimismo, manifest\u00f3 que\u00a0<strong>se inform\u00f3 al gobernador Axel Kicillof<\/strong>. \u201cEsperamos que haya intervenci\u00f3n por parte del gobierno de la provincia de Buenos Aires para poder tener la compensaci\u00f3n necesaria\u201d, sostuvo.<\/p>\n<p>En ese sentido, aclar\u00f3 que\u00a0<strong>\u201cno hay ciudadanos de primera y de segunda\u201d<\/strong>, y remarc\u00f3 que la lucha la dan en nombre de los 1.200.000 vecinos que residen en ambos distritos.<\/p>\n<p>Este informe, seg\u00fan indican desde las intendencias, les permitir\u00e1 a ambos distritos construir un diagn\u00f3stico certero y establecer el impacto de la actividad portuaria.<\/p>\n<p>\u201cComprendemos que es fundamental recopilar informaci\u00f3n detallada sobre las operaciones del Puerto a trav\u00e9s de la documentaci\u00f3n fiscal y log\u00edstica que nos provean, a fin de <strong>evaluar el perjuicio actual y futuro que produce la actividad <\/strong>del Puerto de Dock Sud sobre las calles de nuestros distritos\u201d, expres\u00f3\u00a0<strong>\u00c1lvarez<\/strong>, quien adem\u00e1s oficia como <strong>director regional<\/strong> del Consorcio. <strong>(VW)<\/strong><\/p>\n","protected":false},"excerpt":{"rendered":"<p>La tensi\u00f3n entre La C\u00e1mpora y Ferraresi por el Puerto de Dock Sud se profundiza. Pidieron a la Justicia un informe sobre la actividad econ\u00f3mica del puerto, que permitir\u00e1 establecer el impacto que provoca&#46;&#46;&#46;<\/p>\n","protected":false},"author":4,"featured_media":15766,"comment_status":"closed","ping_status":"closed","sticky":false,"template":"","format":"standard","meta":{"_monsterinsights_skip_tracking":false,"_monsterinsights_sitenote_active":false,"_monsterinsights_sitenote_note":"","_monsterinsights_sitenote_category":0,"footnotes":""},"categories":[4],"tags":[84,6682,5342,6680,6681],"class_list":["post-15765","post","type-post","status-publish","format-standard","has-post-thumbnail","hentry","category-politica","tag-ferraresi","tag-impacto-puerto-dock-sur","tag-julian-alvarez","tag-mayra-mnedoza","tag-presentacion-judicial"],"_links":{"self":[{"href":"https:\/\/www.visionweb.com.ar\/index.php?rest_route=\/wp\/v2\/posts\/15765","targetHints":{"allow":["GET"]}}],"collection":[{"href":"https:\/\/www.visionweb.com.ar\/index.php?rest_route=\/wp\/v2\/posts"}],"about":[{"href":"https:\/\/www.visionweb.com.ar\/index.php?rest_route=\/wp\/v2\/types\/post"}],"author":[{"embeddable":true,"href":"https:\/\/www.visionweb.com.ar\/index.php?rest_route=\/wp\/v2\/users\/4"}],"replies":[{"embeddable":true,"href":"https:\/\/www.visionweb.com.ar\/index.php?rest_route=%2Fwp%2Fv2%2Fcomments&post=15765"}],"version-history":[{"count":1,"href":"https:\/\/www.visionweb.com.ar\/index.php?rest_route=\/wp\/v2\/posts\/15765\/revisions"}],"predecessor-version":[{"id":15767,"href":"https:\/\/www.visionweb.com.ar\/index.php?rest_route=\/wp\/v2\/posts\/15765\/revisions\/15767"}],"wp:featuredmedia":[{"embeddable":true,"href":"https:\/\/www.visionweb.com.ar\/index.php?rest_route=\/wp\/v2\/media\/15766"}],"wp:attachment":[{"href":"https:\/\/www.visionweb.com.ar\/index.php?rest_route=%2Fwp%2Fv2%2Fmedia&parent=15765"}],"wp:term":[{"taxonomy":"category","embeddable":true,"href":"https:\/\/www.visionweb.com.ar\/index.php?rest_route=%2Fwp%2Fv2%2Fcategories&post=15765"},{"taxonomy":"post_tag","embeddable":true,"href":"https:\/\/www.visionweb.com.ar\/index.php?rest_route=%2Fwp%2Fv2%2Ftags&post=15765"}],"curies":[{"name":"wp","href":"https:\/\/api.w.org\/{rel}","templated":true}]}}