{"id":15760,"date":"2024-09-10T10:20:55","date_gmt":"2024-09-10T13:20:55","guid":{"rendered":"https:\/\/www.visionweb.com.ar\/?p=15760"},"modified":"2024-09-10T10:23:39","modified_gmt":"2024-09-10T13:23:39","slug":"balladeres-se-reunio-recibio-a-profesores-y-estudiantes-de-la-tecnica-n-1","status":"publish","type":"post","link":"https:\/\/www.visionweb.com.ar\/?p=15760","title":{"rendered":"Balladeres se reuni\u00f3 con profesores y estudiantes de la T\u00e9cnica N\u00b0 1"},"content":{"rendered":"<p><em><strong>El presidente del HCD de Lan\u00fas, Agust\u00edn Balladares fue recibido por docentes y estudiantes de la escuela secundaria\u00a0 en el marco del programa Concejo Abierto.<\/strong><\/em>\u00a0 <!--more--><\/p>\n<p><img loading=\"lazy\" decoding=\"async\" class=\"size-medium wp-image-15761 alignright\" src=\"https:\/\/www.visionweb.com.ar\/wp-content\/uploads\/2024\/09\/BALLADARES-CHALAS-300x225.jpeg\" alt=\"\" width=\"300\" height=\"225\" srcset=\"https:\/\/www.visionweb.com.ar\/wp-content\/uploads\/2024\/09\/BALLADARES-CHALAS-300x225.jpeg 300w, https:\/\/www.visionweb.com.ar\/wp-content\/uploads\/2024\/09\/BALLADARES-CHALAS-320x240.jpeg 320w, https:\/\/www.visionweb.com.ar\/wp-content\/uploads\/2024\/09\/BALLADARES-CHALAS.jpeg 640w\" sizes=\"auto, (max-width: 300px) 100vw, 300px\" \/>Entre las actividades programadas para el mes del 80 Aniversario del Partido de Lan\u00fas, en el marco del Programa Concejo Abierto, el presidente del HCD, Agust\u00edn Balladares, invitado por los estudiante y profesores, asisti\u00f3 a la Escuela T\u00e9cnica N\u00b01 de Lan\u00fas, donde mantuvo una amena charlas con ellos.<\/p>\n<p>Al respecto, el titular del Legislativo lanusense a trav\u00e9s de las redes sociales expres\u00f3, \u201cLos pibes tienen sus preocupaciones, pero sobre todo muchos sue\u00f1os. Trabajemos unidos por el futuro de La Patria\u201d.<\/p>\n<p>El Programa continu\u00f3 en las instalaciones del Honorable Concejo Deliberante (HCD), Av. 9 de Julio 1647, Lan\u00fas Este, el jueves 5, donde se realiz\u00f3 una charla sobre HIV a cargo de la Dra. Cecilia Rodr\u00edguez.<\/p>\n<p>Por su parte la docente MG y Arque\u00f3loga, Anal\u00eda Garc\u00eda, integrante del equipo Arqueolog\u00eda Rural Pampa del IA, el viernes 6 ofreci\u00f3 a los asistentes una charla\u00a0 referida a \u201cAnacarsis Lan\u00fas. Entre la memoria y el olvido\u201d.<\/p>\n<p>Ambos encuentros contaron con la coordinaci\u00f3n y presentaci\u00f3n de la Directora de Educaci\u00f3n del HCD, Paola Castillo. Tambi\u00e9n fueron de la partida la concejal peronista Ver\u00f3nica Dell Anna; el secretario del HCD, Gabriel Sandoval; el subsecretario de DDHH del Municipio de Lan\u00fas, David Ariza; el director General Administrativo del HCD, Jos\u00e9 Occhiuzo y el director de Cultura del HCD, Roberto \u201cPery\u201d Mena, entre otros.<\/p>\n<p><strong>M\u00e1s Charlas, visitas y encuentros<\/strong><\/p>\n<p>La pr\u00f3xima jornada en el edificio del HCD ser\u00e1 el 13 de Septiembre a las 17 horas y el tema elegido es Adultos Mayores, siendo la expositora la Dra. Silvia Shupackr. Continuar\u00e1 el d\u00eda 20 con una charla y exposici\u00f3n denominada Arte, pensar la historia a trav\u00e9s de los cuadros.<\/p>\n<p>Los d\u00edas 25, 26 y 27 el programa tendr\u00e1 su continuidad con una Gran exposici\u00f3n cultural de m\u00fasica, arte y espect\u00e1culos.<\/p>\n<p>Por \u00faltimo, el d\u00eda 27 tambi\u00e9n desde las 17 horas el Dr. Mario Fresquet dar\u00e1 una charla sobre \u201cGloria y Tragedias en el Hospital Evita\u201d.<\/p>\n<p>Cabe recordar que contin\u00faan las visitas y recorridas institucionales al hist\u00f3rico edificio del HCD dirigidas a colegios del distrito.<\/p>\n<p>Las instituciones educativas que quieran acceder a esta recorrida por la historia y el presente de la Casa de los Representantes del Pueblo de Lan\u00fas, a trav\u00e9s de un docente o autoridad del establecimiento, deben presentarse en Mesa de Entradas del HCD de lunes a viernes de 8.30 a 17:30 horas y anotarse para futuras visitas guiadas y por consultas al mail: infohcdlanus@gmail.com<strong>(VW)<\/strong><\/p>\n","protected":false},"excerpt":{"rendered":"<p>El presidente del HCD de Lan\u00fas, Agust\u00edn Balladares fue recibido por docentes y estudiantes de la escuela secundaria\u00a0 en el marco del programa Concejo Abierto.\u00a0<\/p>\n","protected":false},"author":3,"featured_media":15761,"comment_status":"closed","ping_status":"closed","sticky":false,"template":"","format":"standard","meta":{"_monsterinsights_skip_tracking":false,"_monsterinsights_sitenote_active":false,"_monsterinsights_sitenote_note":"","_monsterinsights_sitenote_category":0,"footnotes":""},"categories":[7],"tags":[1071,4183,176,1522,1159],"class_list":["post-15760","post","type-post","status-publish","format-standard","has-post-thumbnail","hentry","category-educacion-y-cultura","tag-balladares","tag-cd","tag-charlas","tag-hcd","tag-historia"],"_links":{"self":[{"href":"https:\/\/www.visionweb.com.ar\/index.php?rest_route=\/wp\/v2\/posts\/15760","targetHints":{"allow":["GET"]}}],"collection":[{"href":"https:\/\/www.visionweb.com.ar\/index.php?rest_route=\/wp\/v2\/posts"}],"about":[{"href":"https:\/\/www.visionweb.com.ar\/index.php?rest_route=\/wp\/v2\/types\/post"}],"author":[{"embeddable":true,"href":"https:\/\/www.visionweb.com.ar\/index.php?rest_route=\/wp\/v2\/users\/3"}],"replies":[{"embeddable":true,"href":"https:\/\/www.visionweb.com.ar\/index.php?rest_route=%2Fwp%2Fv2%2Fcomments&post=15760"}],"version-history":[{"count":3,"href":"https:\/\/www.visionweb.com.ar\/index.php?rest_route=\/wp\/v2\/posts\/15760\/revisions"}],"predecessor-version":[{"id":15764,"href":"https:\/\/www.visionweb.com.ar\/index.php?rest_route=\/wp\/v2\/posts\/15760\/revisions\/15764"}],"wp:featuredmedia":[{"embeddable":true,"href":"https:\/\/www.visionweb.com.ar\/index.php?rest_route=\/wp\/v2\/media\/15761"}],"wp:attachment":[{"href":"https:\/\/www.visionweb.com.ar\/index.php?rest_route=%2Fwp%2Fv2%2Fmedia&parent=15760"}],"wp:term":[{"taxonomy":"category","embeddable":true,"href":"https:\/\/www.visionweb.com.ar\/index.php?rest_route=%2Fwp%2Fv2%2Fcategories&post=15760"},{"taxonomy":"post_tag","embeddable":true,"href":"https:\/\/www.visionweb.com.ar\/index.php?rest_route=%2Fwp%2Fv2%2Ftags&post=15760"}],"curies":[{"name":"wp","href":"https:\/\/api.w.org\/{rel}","templated":true}]}}