{"id":15758,"date":"2024-09-10T09:51:14","date_gmt":"2024-09-10T12:51:14","guid":{"rendered":"https:\/\/www.visionweb.com.ar\/?p=15758"},"modified":"2024-09-10T09:51:14","modified_gmt":"2024-09-10T12:51:14","slug":"monotributo-social-sus-beneficarios-deberan-pagar-una-parte-de-la-obra-social","status":"publish","type":"post","link":"https:\/\/www.visionweb.com.ar\/?p=15758","title":{"rendered":"Monotributo social: Sus beneficarios deber\u00e1n pagar una parte de la obra social"},"content":{"rendered":"<p><em><strong>El organismo\u00a0 recaudador anunci\u00f3 un nuevo cambio, en la espera de un reempadronamiento que ya esta en vigencia.<\/strong><\/em><!--more--><\/p>\n<p><img loading=\"lazy\" decoding=\"async\" class=\"size-medium wp-image-1872 alignright\" src=\"https:\/\/www.visionweb.com.ar\/wp-content\/uploads\/2021\/06\/AFIP-300x196.png\" alt=\"\" width=\"300\" height=\"196\" srcset=\"https:\/\/www.visionweb.com.ar\/wp-content\/uploads\/2021\/06\/AFIP-300x196.png 300w, https:\/\/www.visionweb.com.ar\/wp-content\/uploads\/2021\/06\/AFIP.png 640w\" sizes=\"auto, (max-width: 300px) 100vw, 300px\" \/>A partir de ahora, el titular que quiera seguir inscripto en la categor\u00eda tributaria optativa del\u00a0<strong>Monotributo Social deber\u00e1 abonar el 50% del componente de la obra social por s\u00ed mismo<\/strong>\u00a0y por cada incorporaci\u00f3n de adherentes, quedando exento de abonar el importe integrado y comput\u00e1ndose los aportes regulares en la Prestaci\u00f3n B\u00e1sica Universal del SIPA (Sistema Integrado Previsional Argentino).<\/p>\n<p>As\u00ed lo anunci\u00f3 el Ministerio de Capital Humano a cargo de\u00a0<strong>Sandra Petovell<\/strong>o a trav\u00e9s de la Resoluci\u00f3n 630\/2024 publicada este martes en el Bolet\u00edn Oficial, en donde se argumenta cuatro razones por las cuales este programa no cumple la funci\u00f3n que deber\u00eda cumplir.\u00a0<strong>Esta medida implica en la actualidad unos $6.900 mensuales<\/strong>, un golpe al bolsillo de los trabajadores que menos facturan.<\/p>\n<p>Cabe recordar que d\u00edas atr\u00e1s\u00a0<strong>el Gobierno anunci\u00f3 la \u201cbaja\u201d del 10% de las personas adheridas al r\u00e9gimen del Monotributo Social<\/strong>, esto es m\u00e1s de 62.000 personas. En ese sentido adujeron que existe una incompatibilidad con la ley vigente. Por ejemplo, 27.000 ten\u00edan trabajo registrado y hab\u00edan 1.900 fallecidos.<\/p>\n<p>En tanto, los contribuyentes registrados ante la AFIP como monotributistas sociales -y que sean beneficiarios de alguna ayuda social por parte del Estado- tienen que hacer un tr\u00e1mite especial para seguir bajo el mismo r\u00e9gimen. Este punto, sin embargo, a\u00fan no se oficializ\u00f3.<\/p>\n<h4 class=\"wp-block-heading\">Qui\u00e9nes pueden ser monotributistas sociales<\/h4>\n<p>Est\u00e1 destinado a personas que realizan una actividad econ\u00f3mica y se encuentran en situaci\u00f3n de vulnerabilidad socioecon\u00f3mica que cumplan con alguna de las siguientes categor\u00edas:<\/p>\n<ul class=\"wp-block-list\">\n<li>Trabajadores independientes de bajos ingresos.<\/li>\n<li>Emprendedores de la econom\u00eda social.<\/li>\n<li>Beneficiarios de programas sociales.<\/li>\n<li>Peque\u00f1os productores.<\/li>\n<\/ul>\n<p>El objetivo de la herramienta es formalizar la actividad econ\u00f3mica, promoviendo su inclusi\u00f3n en el sistema tributario y de seguridad social de:<\/p>\n<ul class=\"wp-block-list\">\n<li>Trabajadores independientes.<\/li>\n<li>Microemprendedores de bajos ingresos<\/li>\n<li><strong>(VW)<\/strong><\/li>\n<\/ul>\n","protected":false},"excerpt":{"rendered":"<p>El organismo\u00a0 recaudador anunci\u00f3 un nuevo cambio, en la espera de un reempadronamiento que ya esta en vigencia.<\/p>\n","protected":false},"author":3,"featured_media":1872,"comment_status":"closed","ping_status":"closed","sticky":false,"template":"","format":"standard","meta":{"_monsterinsights_skip_tracking":false,"_monsterinsights_sitenote_active":false,"_monsterinsights_sitenote_note":"","_monsterinsights_sitenote_category":0,"footnotes":""},"categories":[3,8],"tags":[6679,739,6678],"class_list":["post-15758","post","type-post","status-publish","format-standard","has-post-thumbnail","hentry","category-actualidad","category-interes-general","tag-mensualidad","tag-monotributo","tag-obra-social"],"_links":{"self":[{"href":"https:\/\/www.visionweb.com.ar\/index.php?rest_route=\/wp\/v2\/posts\/15758","targetHints":{"allow":["GET"]}}],"collection":[{"href":"https:\/\/www.visionweb.com.ar\/index.php?rest_route=\/wp\/v2\/posts"}],"about":[{"href":"https:\/\/www.visionweb.com.ar\/index.php?rest_route=\/wp\/v2\/types\/post"}],"author":[{"embeddable":true,"href":"https:\/\/www.visionweb.com.ar\/index.php?rest_route=\/wp\/v2\/users\/3"}],"replies":[{"embeddable":true,"href":"https:\/\/www.visionweb.com.ar\/index.php?rest_route=%2Fwp%2Fv2%2Fcomments&post=15758"}],"version-history":[{"count":1,"href":"https:\/\/www.visionweb.com.ar\/index.php?rest_route=\/wp\/v2\/posts\/15758\/revisions"}],"predecessor-version":[{"id":15759,"href":"https:\/\/www.visionweb.com.ar\/index.php?rest_route=\/wp\/v2\/posts\/15758\/revisions\/15759"}],"wp:featuredmedia":[{"embeddable":true,"href":"https:\/\/www.visionweb.com.ar\/index.php?rest_route=\/wp\/v2\/media\/1872"}],"wp:attachment":[{"href":"https:\/\/www.visionweb.com.ar\/index.php?rest_route=%2Fwp%2Fv2%2Fmedia&parent=15758"}],"wp:term":[{"taxonomy":"category","embeddable":true,"href":"https:\/\/www.visionweb.com.ar\/index.php?rest_route=%2Fwp%2Fv2%2Fcategories&post=15758"},{"taxonomy":"post_tag","embeddable":true,"href":"https:\/\/www.visionweb.com.ar\/index.php?rest_route=%2Fwp%2Fv2%2Ftags&post=15758"}],"curies":[{"name":"wp","href":"https:\/\/api.w.org\/{rel}","templated":true}]}}