{"id":15755,"date":"2024-09-10T09:02:47","date_gmt":"2024-09-10T12:02:47","guid":{"rendered":"https:\/\/www.visionweb.com.ar\/?p=15755"},"modified":"2024-09-10T09:02:47","modified_gmt":"2024-09-10T12:02:47","slug":"esteban-echeverria-litigara-contra-el-aumento-de-tarifas","status":"publish","type":"post","link":"https:\/\/www.visionweb.com.ar\/?p=15755","title":{"rendered":"Esteban Echeverr\u00eda litigar\u00e1 contra el aumento de tarifas"},"content":{"rendered":"<p><em><strong>La justicia federal autoriz\u00f3 al intendente Fernando Gray a litigar por el aumento de tarifas de luz y gas.<\/strong><\/em>\u00a0 <!--more--><\/p>\n<p><img loading=\"lazy\" decoding=\"async\" class=\"size-medium wp-image-15756 alignright\" src=\"https:\/\/www.visionweb.com.ar\/wp-content\/uploads\/2024\/09\/GRAY-300x175.png\" alt=\"\" width=\"300\" height=\"175\" srcset=\"https:\/\/www.visionweb.com.ar\/wp-content\/uploads\/2024\/09\/GRAY-300x175.png 300w, https:\/\/www.visionweb.com.ar\/wp-content\/uploads\/2024\/09\/GRAY.png 640w\" sizes=\"auto, (max-width: 300px) 100vw, 300px\" \/>El Juzgado Federal N\u00b0 3 en lo en lo Civil, Comercial y Contencioso Administrativo de Lomas de Zamora, habilit\u00f3 al intendente del municipio de Esteban Echeverr\u00eda, Fernando Gray, a <strong>litigar contra la suba de las tarifas de gas y electricidad<\/strong>\u00a0definida por el Estado Nacional y que incluy\u00f3 quita de subsidios y fuertes incrementos.<\/p>\n<p>Sin embargo, la decisi\u00f3n de la justicia limit\u00f3 a la iniciativa a<strong>\u00a0\u201csu car\u00e1cter de usuario- afectado y de Intendente de la Municipalidad de Esteban Echeverr\u00eda,<\/strong>\u00a0en representaci\u00f3n de las reparticiones municipales que est\u00e1n a su cargo, en los t\u00e9rminos expuestos en los considerandos 2 y 3 del presente pronunciamiento\u201d.<\/p>\n<p>Pero la medida limit\u00f3 al intendente Gray a litigar contra la suba de tarifas \u201cen <strong>representaci\u00f3n de las dependencias a su cargo, tanto del Edificio P\u00fablico Municipal, como del Policl\u00ednico Sof\u00eda T. De Santamarina, Unidades Sanitarias\u00a0<\/strong>y las restantes reparticiones municipales\u201d.<\/p>\n<p>Pese a que la intenci\u00f3n de Gray fue representar al conjunto de los usuarios de los servicios en Esteban Echeverr\u00eda, la justicia consider\u00f3 que el car\u00e1cter de \u201cintendente\u201d del accionante \u201cresulta\u00a0<strong>insuficiente para representar derechos de incidencia colectiva sobre intereses individuales homog\u00e9neos\u00a0<\/strong>de los ciudadanos-afectados del partido de Esteban Echeverr\u00eda\u201d<\/p>\n<p>Tampoco hizo lugar a\u00a0<strong>una presentaci\u00f3n de la Asociaci\u00f3n Civil Deuco, que intent\u00f3 ser \u201cadherente\u201d\u00a0<\/strong>de la acci\u00f3n de amparo promovida por Frenando Javier Gray.<\/p>\n<p>El planteo sobre el que deber\u00e1 decidir la justicia es si acepta o no el pedido de \u201c<strong>inconstitucionalidad del DNU N\u00ba 70\/23, t\u00edtulo VIII, art. 177 y concordantes,\u00a0<\/strong>por cuanto faculta a la Secretar\u00eda de Energ\u00eda para definir los mecanismos espec\u00edficos que materialicen la asignaci\u00f3n y efectiva percepci\u00f3n de los subsidios por parte de los usuarios\u201d<\/p>\n<p>Adem\u00e1s, el objeto de la demanda exige la\u00a0<strong>\u201cnulidad de la Resoluci\u00f3n 8\/2024, de fecha 6 de febrero de 2024, por la cual se convoc\u00f3 a una Audiencia P\u00fablica,\u00a0<\/strong>con el objeto de dar tratamiento a la redeterminaci\u00f3n de la estructura de subsidios, en tanto entiende el actor que violenta expresas garant\u00edas constitucionales y supralegales y la normativa del Decreto N\u00ba 1.172 del 3\/12\/2003.<\/p>\n<p>En este \u00faltimo punto,\u00a0<strong>la justicia consider\u00f3 que el planteo devino abstracto<\/strong>\u00a0ya que la audiencia fue celebrada el d\u00eda 29 de febrero de 2024.<\/p>\n<p>Tras habilitar el amparo, la justicia\u00a0<strong>notific\u00f3 a las autoridades nacionales y les dio plazo<\/strong> por quince d\u00edas para contestar un informe<strong>(VW)<\/strong>.<\/p>\n","protected":false},"excerpt":{"rendered":"<p>La justicia federal autoriz\u00f3 al intendente Fernando Gray a litigar por el aumento de tarifas de luz y gas.\u00a0<\/p>\n","protected":false},"author":3,"featured_media":15756,"comment_status":"closed","ping_status":"closed","sticky":false,"template":"","format":"standard","meta":{"_monsterinsights_skip_tracking":false,"_monsterinsights_sitenote_active":false,"_monsterinsights_sitenote_note":"","_monsterinsights_sitenote_category":0,"footnotes":""},"categories":[1],"tags":[6677,1493,16,564],"class_list":["post-15755","post","type-post","status-publish","format-standard","has-post-thumbnail","hentry","category-uncategorized","tag-e-echeverria","tag-federal","tag-justicia","tag-tarifas"],"_links":{"self":[{"href":"https:\/\/www.visionweb.com.ar\/index.php?rest_route=\/wp\/v2\/posts\/15755","targetHints":{"allow":["GET"]}}],"collection":[{"href":"https:\/\/www.visionweb.com.ar\/index.php?rest_route=\/wp\/v2\/posts"}],"about":[{"href":"https:\/\/www.visionweb.com.ar\/index.php?rest_route=\/wp\/v2\/types\/post"}],"author":[{"embeddable":true,"href":"https:\/\/www.visionweb.com.ar\/index.php?rest_route=\/wp\/v2\/users\/3"}],"replies":[{"embeddable":true,"href":"https:\/\/www.visionweb.com.ar\/index.php?rest_route=%2Fwp%2Fv2%2Fcomments&post=15755"}],"version-history":[{"count":1,"href":"https:\/\/www.visionweb.com.ar\/index.php?rest_route=\/wp\/v2\/posts\/15755\/revisions"}],"predecessor-version":[{"id":15757,"href":"https:\/\/www.visionweb.com.ar\/index.php?rest_route=\/wp\/v2\/posts\/15755\/revisions\/15757"}],"wp:featuredmedia":[{"embeddable":true,"href":"https:\/\/www.visionweb.com.ar\/index.php?rest_route=\/wp\/v2\/media\/15756"}],"wp:attachment":[{"href":"https:\/\/www.visionweb.com.ar\/index.php?rest_route=%2Fwp%2Fv2%2Fmedia&parent=15755"}],"wp:term":[{"taxonomy":"category","embeddable":true,"href":"https:\/\/www.visionweb.com.ar\/index.php?rest_route=%2Fwp%2Fv2%2Fcategories&post=15755"},{"taxonomy":"post_tag","embeddable":true,"href":"https:\/\/www.visionweb.com.ar\/index.php?rest_route=%2Fwp%2Fv2%2Ftags&post=15755"}],"curies":[{"name":"wp","href":"https:\/\/api.w.org\/{rel}","templated":true}]}}