{"id":15752,"date":"2024-09-10T08:20:43","date_gmt":"2024-09-10T11:20:43","guid":{"rendered":"https:\/\/www.visionweb.com.ar\/?p=15752"},"modified":"2024-09-10T08:20:43","modified_gmt":"2024-09-10T11:20:43","slug":"las-ventas-minoristas-pyme-cayeron-105-interanual-en-agosto","status":"publish","type":"post","link":"https:\/\/www.visionweb.com.ar\/?p=15752","title":{"rendered":"Las ventas minoristas pyme cayeron 10,5% interanual en agosto"},"content":{"rendered":"<p><strong><em>Las ventas minoristas pymes bajaron 10,5% interanual en agosto, a precios constantes, y acumulan un descenso de 16,2% en los primeros ocho meses del a\u00f1o. En la comparaci\u00f3n mensual desestacionalizada, retrocedieron 1,6%.<\/em><\/strong><!--more--><\/p>\n<p><img loading=\"lazy\" decoding=\"async\" class=\"size-medium wp-image-13039 alignright\" src=\"https:\/\/www.visionweb.com.ar\/wp-content\/uploads\/2023\/12\/lomas-comercios-300x170.png\" alt=\"\" width=\"300\" height=\"170\" srcset=\"https:\/\/www.visionweb.com.ar\/wp-content\/uploads\/2023\/12\/lomas-comercios-300x170.png 300w, https:\/\/www.visionweb.com.ar\/wp-content\/uploads\/2023\/12\/lomas-comercios.png 441w\" sizes=\"auto, (max-width: 300px) 100vw, 300px\" \/>La actividad comercial minorista de las pymes mantiene una marcada tendencia descendente a pesar de la mayor oferta de financiamiento y el incipiente resurgimiento de cr\u00e9ditos personales. Los rechazos en las compras con tarjetas de cr\u00e9dito por falta de \u00a8l\u00edmite\u00a8 fue otra de las caracter\u00edsticas destacables de la actividad comercial este mes.<\/p>\n<p>En el an\u00e1lisis por rubro, los siete sectores evaluados tuvieron disminuciones en comparaci\u00f3n con el mismo per\u00edodo del a\u00f1o anterior.<\/p>\n<p>As\u00ed surge del \u00cdndice de Ventas Minoristas Pymes de la Confederaci\u00f3n Argentina de la en Mediana Empresa (CAME), elaborado en base a un relevamiento mensual entre 1.300 comercios minoristas del pa\u00eds, realizado del 2 y 6 de agosto.<\/p>\n<p><strong>An\u00e1lisis sectorial<\/strong><\/p>\n<p>En agosto, los siete rubros relevados registraron ca\u00eddas interanuales en sus ventas. La mayor retracci\u00f3n anual se detect\u00f3 en Perfumer\u00edas (-29,3%), seguido por Farmacias (-17,4%). En el acumulado del a\u00f1o, la mayor baja la llevan tambi\u00e9n Perfumer\u00edas (-32,1%) y Farmacias (-27,8%).<\/p>\n<p>Las ventas disminuyeron un 11,8% anual en agosto, a precios constantes y acumulan una baja de 20,5% en los primeros ocho meses del a\u00f1o, frente al mismo periodo de 2023.<\/p>\n<p>En la comparaci\u00f3n intermensual, descendieron 1,8%. Fue un mes dif\u00edcil para el comercio que en los grandes centros de consumo debi\u00f3 competir con ofertas muy agresivas lanzadas por las principales cadenas de hipermercados, que se deshicieron de stocks con prontas fechas de vencimiento.<\/p>\n<p><img loading=\"lazy\" decoding=\"async\" class=\"size-medium wp-image-15753 alignleft\" src=\"https:\/\/www.visionweb.com.ar\/wp-content\/uploads\/2024\/09\/came-minoristas-300x184.png\" alt=\"\" width=\"300\" height=\"184\" srcset=\"https:\/\/www.visionweb.com.ar\/wp-content\/uploads\/2024\/09\/came-minoristas-300x184.png 300w, https:\/\/www.visionweb.com.ar\/wp-content\/uploads\/2024\/09\/came-minoristas.png 640w\" sizes=\"auto, (max-width: 300px) 100vw, 300px\" \/>Los negocios sondeados manifestaron que para atraer ventas se mantuvieron precios y se incorporaron marcas m\u00e1s econ\u00f3micas. Los consumidores prescindieron de productos como snacks, quesos especiales, bebidas de marcas, comidas elaboradas, y se volcaron a comprar alimentos m\u00e1s accesibles.<\/p>\n<p><strong>Bazar, decoraci\u00f3n, textiles para el hogar y muebles<\/strong><\/p>\n<p>Las ventas declinaron un 9,3% anual, siempre a precios constantes, y llevan un retroceso del 16,5% en los primeros ocho meses, en relaci\u00f3n con el mismo periodo de 2023. En la comparaci\u00f3n intermensual se retrajeron 0,4%. Desde las tiendas se manifestaron con mucha preocupaci\u00f3n porque la actividad no repunta y los gastos operativos crecieron semana a semana. En el rubro decoraci\u00f3n y bazar, para algunos comercios las ventas por internet fueron m\u00e1s representativas que las presenciales. En tanto, en el ramo muebler\u00edas, fue donde m\u00e1s se not\u00f3 el parate del consumo.<\/p>\n<p><strong>Calzado y marroquiner\u00eda<\/strong><\/p>\n<p>La actividad tuvo una baja del 5,4% anual en agosto y acumula una ca\u00edda de 10,8% en los primeros ocho meses del 2023, siempre comparado al mismo periodo del a\u00f1o pasado. En el contraste intermensual cay\u00f3 1,2%. El D\u00eda del Ni\u00f1o activ\u00f3 la venta durante unas jornadas y luego el consumo se planch\u00f3 de nuevo.<\/p>\n<p>En los locales consultados se coment\u00f3 que incluso las liquidaciones deb\u00edan ser muy fuertes para despertar inter\u00e9s. Algunos hicieron 2&#215;1 combinando un calzado de temporada actual con uno de vieja temporada. El calzado deportivo para ni\u00f1os y el calzado casual de mujer fue lo que m\u00e1s se vendi\u00f3, aunque en magnitudes insuficientes para mostrar crecimiento y sostener la rentabilidad del sector.<strong>(vw)<\/strong><\/p>\n<p>&nbsp;<\/p>\n<div class=\"image large\"><\/div>\n","protected":false},"excerpt":{"rendered":"<p>Las ventas minoristas pymes bajaron 10,5% interanual en agosto, a precios constantes, y acumulan un descenso de 16,2% en los primeros ocho meses del a\u00f1o. En la comparaci\u00f3n mensual desestacionalizada, retrocedieron 1,6%.<\/p>\n","protected":false},"author":3,"featured_media":13039,"comment_status":"closed","ping_status":"closed","sticky":false,"template":"","format":"standard","meta":{"_monsterinsights_skip_tracking":false,"_monsterinsights_sitenote_active":false,"_monsterinsights_sitenote_note":"","_monsterinsights_sitenote_category":0,"footnotes":""},"categories":[6,749],"tags":[4101,3917,758],"class_list":["post-15752","post","type-post","status-publish","format-standard","has-post-thumbnail","hentry","category-economia","category-pymes","tag-descenso","tag-minoristas","tag-ventas"],"_links":{"self":[{"href":"https:\/\/www.visionweb.com.ar\/index.php?rest_route=\/wp\/v2\/posts\/15752","targetHints":{"allow":["GET"]}}],"collection":[{"href":"https:\/\/www.visionweb.com.ar\/index.php?rest_route=\/wp\/v2\/posts"}],"about":[{"href":"https:\/\/www.visionweb.com.ar\/index.php?rest_route=\/wp\/v2\/types\/post"}],"author":[{"embeddable":true,"href":"https:\/\/www.visionweb.com.ar\/index.php?rest_route=\/wp\/v2\/users\/3"}],"replies":[{"embeddable":true,"href":"https:\/\/www.visionweb.com.ar\/index.php?rest_route=%2Fwp%2Fv2%2Fcomments&post=15752"}],"version-history":[{"count":1,"href":"https:\/\/www.visionweb.com.ar\/index.php?rest_route=\/wp\/v2\/posts\/15752\/revisions"}],"predecessor-version":[{"id":15754,"href":"https:\/\/www.visionweb.com.ar\/index.php?rest_route=\/wp\/v2\/posts\/15752\/revisions\/15754"}],"wp:featuredmedia":[{"embeddable":true,"href":"https:\/\/www.visionweb.com.ar\/index.php?rest_route=\/wp\/v2\/media\/13039"}],"wp:attachment":[{"href":"https:\/\/www.visionweb.com.ar\/index.php?rest_route=%2Fwp%2Fv2%2Fmedia&parent=15752"}],"wp:term":[{"taxonomy":"category","embeddable":true,"href":"https:\/\/www.visionweb.com.ar\/index.php?rest_route=%2Fwp%2Fv2%2Fcategories&post=15752"},{"taxonomy":"post_tag","embeddable":true,"href":"https:\/\/www.visionweb.com.ar\/index.php?rest_route=%2Fwp%2Fv2%2Ftags&post=15752"}],"curies":[{"name":"wp","href":"https:\/\/api.w.org\/{rel}","templated":true}]}}