{"id":15750,"date":"2024-09-09T11:20:52","date_gmt":"2024-09-09T14:20:52","guid":{"rendered":"https:\/\/www.visionweb.com.ar\/?p=15750"},"modified":"2024-09-09T11:20:52","modified_gmt":"2024-09-09T14:20:52","slug":"las-ventas-en-farmacias-cayeron-en-el-consumo-interno-pero-subieron-las-exportaciones","status":"publish","type":"post","link":"https:\/\/www.visionweb.com.ar\/?p=15750","title":{"rendered":"Las ventas en farmacias cayeron en el consumo interno, pero subieron las exportaciones"},"content":{"rendered":"<p><em><strong>El consumo de\u00a0medicamentos\u00a0dentro del mercado argentino experiment\u00f3 una desaceleraci\u00f3n debido a la ca\u00edda del poder adquisitivo y al encarecimiento de productos esenciales.<\/strong><\/em><!--more--><\/p>\n<p><strong>\u00a0\u00a0\u00a0 <img loading=\"lazy\" decoding=\"async\" class=\"size-full wp-image-10643 alignright\" src=\"https:\/\/www.visionweb.com.ar\/wp-content\/uploads\/2023\/05\/farmacias.png\" alt=\"\" width=\"220\" height=\"147\" \/>\u00a0\u00a0\u00a0 L<\/strong>a\u00a0<strong>C\u00e1mara Industrial de Laboratorios Farmac\u00e9uticos Argentinos<\/strong>\u00a0(<strong><a href=\"https:\/\/cilfa.org.ar\/wp1\/\">CILFA<\/a><\/strong>) revel\u00f3 en su \u00faltimo informe que las <strong>exportaciones que tienen las<\/strong>\u00a0<strong>farmacias\u00a0<\/strong>vieron un fuerte <strong>crecimiento<\/strong> durante julio de 2024, con relaci\u00f3n al a\u00f1o pasado, mientras que en <strong>el consumo interno sigue en ca\u00edda por la p\u00e9rdida del poder adquisitivo<\/strong>.<\/p>\n<p>En concreto,\u00a0<strong>CILFA\u00a0<\/strong>indic\u00f3 que en julio de 2024 el crecimiento que registraron en cuanto a ventas de\u00a0<strong>medicamentos\u00a0<\/strong>al extranjero fue del 8,5% y el valor de las\u00a0<strong>exportaciones\u00a0<\/strong>alcanz\u00f3 los 90,4 millones de d\u00f3lares, al tiempo que aclararon que se consolida as\u00ed por tres meses consecutivos el aumento del comercio exterior.<\/p>\n<p>En suma, en lo que va del a\u00f1o, el sector\u00a0<strong>farmac\u00e9utico\u00a0<\/strong>acumul\u00f3 un 5,5% de crecimiento y sum\u00f3 alrededor de 959 millones de d\u00f3lares en exportaciones, por lo que las dispensadoras de\u00a0<strong>medicamentos\u00a0<\/strong>apuestan a que el cierre de sus cajas sea positivo por las ventas al extranjero.<\/p>\n<p>Por su parte, el consumo de\u00a0<strong>medicamentos\u00a0<\/strong><strong>dentro del mercado argentino<\/strong> experiment\u00f3 una <strong>desaceleraci\u00f3n debido a la ca\u00edda del poder adquisitivo<\/strong> y al encarecimiento de productos esenciales.<\/p>\n<p>En esta l\u00ednea, seg\u00fan inform\u00f3 la\u00a0<strong>Confederaci\u00f3n Argentina de la Mediana Empresa<\/strong>\u00a0(<strong>CAME<\/strong>), las empresas del rubro farmac\u00e9utico registraron una ca\u00edda del 26,4% en las ventas interanuales, lo cual impacta negativamente en las dispensadoras de\u00a0<strong>medicamentos\u00a0<\/strong>y en los laboratorios locales, que lidian con la disminuci\u00f3n de la demanda dom\u00e9stica.<\/p>\n<p>Sobre esto, la\u00a0<strong>CAME\u00a0<\/strong>dio a conocer el informe de los primeros siete meses del a\u00f1o, del que se desprende que el fen\u00f3meno se vio replicado en todos los rubros de las\u00a0<strong>peque\u00f1as y medianas empresas<\/strong>\u00a0(<strong>pymes<\/strong>) del pa\u00eds, que vieron crecer sus exportaciones y la ca\u00edda de las ventas internas.<\/p>\n<p>Por caso, las ventas de\u00a0<strong>medicamentos\u00a0<\/strong>en el mercado extranjero,\u00a0<strong>CILFA\u00a0<\/strong>precis\u00f3 que los principales destinos de las transacciones son pa\u00edses de\u00a0<strong>Am\u00e9rica Latina\u00a0<\/strong>y de\u00a0<strong>Europa<\/strong>, lo cual repercute en que los laboratorios argentinos mejoran su capacidad para cumplir con las normativas y est\u00e1ndares internacionales.<\/p>\n<p>Asimismo, las <strong>importaciones de<\/strong>\u00a0<strong>medicamentos\u00a0<\/strong>tambi\u00e9n mostraron un crecimiento en julio, con un 35,3% en relaci\u00f3n al a\u00f1o pasado, que alcanzaron los 246 millones de d\u00f3lares en julio, y seg\u00fan el an\u00e1lisis de\u00a0<strong>CILFA<\/strong>, las compras significar\u00edan el fin de la ca\u00edda que manten\u00eda la industria en los \u00faltimos tres a\u00f1os. <strong>(VW)<\/strong><\/p>\n<p>&nbsp;<\/p>\n","protected":false},"excerpt":{"rendered":"<p>El consumo de\u00a0medicamentos\u00a0dentro del mercado argentino experiment\u00f3 una desaceleraci\u00f3n debido a la ca\u00edda del poder adquisitivo y al encarecimiento de productos esenciales.<\/p>\n","protected":false},"author":4,"featured_media":10643,"comment_status":"closed","ping_status":"closed","sticky":false,"template":"","format":"standard","meta":{"_monsterinsights_skip_tracking":false,"_monsterinsights_sitenote_active":false,"_monsterinsights_sitenote_note":"","_monsterinsights_sitenote_category":0,"footnotes":""},"categories":[6,4],"tags":[6675,6674,6676,1621,1280],"class_list":["post-15750","post","type-post","status-publish","format-standard","has-post-thumbnail","hentry","category-economia","category-politica","tag-aumento-de-exportaciones","tag-caida-del-consumo-interno","tag-cilfa","tag-farmacias","tag-medicamentos"],"_links":{"self":[{"href":"https:\/\/www.visionweb.com.ar\/index.php?rest_route=\/wp\/v2\/posts\/15750","targetHints":{"allow":["GET"]}}],"collection":[{"href":"https:\/\/www.visionweb.com.ar\/index.php?rest_route=\/wp\/v2\/posts"}],"about":[{"href":"https:\/\/www.visionweb.com.ar\/index.php?rest_route=\/wp\/v2\/types\/post"}],"author":[{"embeddable":true,"href":"https:\/\/www.visionweb.com.ar\/index.php?rest_route=\/wp\/v2\/users\/4"}],"replies":[{"embeddable":true,"href":"https:\/\/www.visionweb.com.ar\/index.php?rest_route=%2Fwp%2Fv2%2Fcomments&post=15750"}],"version-history":[{"count":1,"href":"https:\/\/www.visionweb.com.ar\/index.php?rest_route=\/wp\/v2\/posts\/15750\/revisions"}],"predecessor-version":[{"id":15751,"href":"https:\/\/www.visionweb.com.ar\/index.php?rest_route=\/wp\/v2\/posts\/15750\/revisions\/15751"}],"wp:featuredmedia":[{"embeddable":true,"href":"https:\/\/www.visionweb.com.ar\/index.php?rest_route=\/wp\/v2\/media\/10643"}],"wp:attachment":[{"href":"https:\/\/www.visionweb.com.ar\/index.php?rest_route=%2Fwp%2Fv2%2Fmedia&parent=15750"}],"wp:term":[{"taxonomy":"category","embeddable":true,"href":"https:\/\/www.visionweb.com.ar\/index.php?rest_route=%2Fwp%2Fv2%2Fcategories&post=15750"},{"taxonomy":"post_tag","embeddable":true,"href":"https:\/\/www.visionweb.com.ar\/index.php?rest_route=%2Fwp%2Fv2%2Ftags&post=15750"}],"curies":[{"name":"wp","href":"https:\/\/api.w.org\/{rel}","templated":true}]}}