{"id":15746,"date":"2024-09-09T11:07:07","date_gmt":"2024-09-09T14:07:07","guid":{"rendered":"https:\/\/www.visionweb.com.ar\/?p=15746"},"modified":"2024-09-09T11:07:07","modified_gmt":"2024-09-09T14:07:07","slug":"informe-de-cadam-las-tasas-municipales-encarecen-un-50-los-productos-de-primera-necesidad","status":"publish","type":"post","link":"https:\/\/www.visionweb.com.ar\/?p=15746","title":{"rendered":"Informe de CADAM: Las tasas municipales encarecen un 50% los productos de primera necesidad"},"content":{"rendered":"<p><em><strong>El estudio de la C\u00e1mara revel\u00f3 que el 49,1% del costo de un producto se compone de impuestos, y pidi\u00f3 que los\u00a0Gobiernos, incluidos los provinciales, adhieran al nuevo\u00a0R\u00e9gimen de Transparencia Fiscal al Consumidor. Propuso eliminar el\u00a0Impuesto al Cheque, y la rebaja del\u00a0IVA\u00a0para productos de la canasta b\u00e1sica, entre otros puntos.<\/strong><\/em><!--more--><\/p>\n<p><strong>\u00a0\u00a0\u00a0\u00a0\u00a0 <img loading=\"lazy\" decoding=\"async\" class=\"size-medium wp-image-15747 alignleft\" src=\"https:\/\/www.visionweb.com.ar\/wp-content\/uploads\/2024\/09\/cadam-300x132.png\" alt=\"\" width=\"300\" height=\"132\" srcset=\"https:\/\/www.visionweb.com.ar\/wp-content\/uploads\/2024\/09\/cadam-300x132.png 300w, https:\/\/www.visionweb.com.ar\/wp-content\/uploads\/2024\/09\/cadam.png 558w\" sizes=\"auto, (max-width: 300px) 100vw, 300px\" \/>\u00a0\u00a0 L<\/strong>a<strong>\u00a0C\u00e1mara Argentina de Distribuidores y Autoservicios Mayoristas\u00a0<\/strong>(<strong>CADAM<\/strong>) revel\u00f3 que el 49,1% del costo de un producto, de primera necesidad, corresponde a los impuestos que debe pagar el comercio, y solicit\u00f3 a los\u00a0<strong>Ejecutivos\u00a0<\/strong><strong>comunales<\/strong> que <strong>retrotraigan el aumento de las<\/strong>\u00a0<strong>tasas municipales<\/strong>.<\/p>\n<p>En concreto, la\u00a0<strong>CADAM\u00a0<\/strong>realiz\u00f3 un estudio sobre el traslado del costo de los\u00a0<strong>impuestos\u00a0<\/strong>en la cadena de comercializaci\u00f3n y, si bien detall\u00f3 que dependiendo de la comuna es el costo total que debe pagar el empresario, inform\u00f3 que entre\u00a0<strong>Naci\u00f3n<\/strong>,\u00a0<strong>Provincia<\/strong>\u00a0y\u00a0<strong>Municipios\u00a0<\/strong>el tributo var\u00eda entre un 38,1% y un 49,1%.<\/p>\n<p>Por caso, la\u00a0<strong>C\u00e1mara\u00a0<\/strong>les solicit\u00f3 a los\u00a0<strong>Gobiernos<\/strong>\u00a0nacionales, provinciales y municipales que saquen carga impositiva, a fin de tener un mayor margen de ganancia, que es cada vez menor y tambi\u00e9n que se quiten los aportes obligatorios que \u201cno son esenciales para bajar los costos laborales\u201d.<\/p>\n<p>En esta l\u00ednea, la\u00a0<strong>C\u00e1mara\u00a0<\/strong>detall\u00f3 que la ganancia que efectivamente obtienen los comercios es de entre el 3 y 5% del costo total del producto, por lo que volvi\u00f3 a pedirle a los\u00a0<strong>Ejecutivos\u00a0<\/strong>comunales que den marcha atr\u00e1s con los aumentos de las\u00a0<strong>tasas municipales\u00a0<\/strong>y pidi\u00f3 que los\u00a0<strong>Gobiernos<\/strong>, incluidos los provinciales, adhieran al nuevo\u00a0<strong>R\u00e9gimen de Transparencia Fiscal al Consumidor<\/strong>.<\/p>\n<p>Asimismo, desde la\u00a0<strong>CADAM\u00a0<\/strong>propusieron eliminar el\u00a0<strong>Impuesto al Cheque<\/strong>, la <strong>rebaja del\u00a0IVA\u00a0para productos de la canasta b\u00e1sica<\/strong>, y los\u00a0<strong>Ingresos Brutos provinciales<\/strong>, que seg\u00fan indicaron en algunos casos, los consumidores pueden llegar a abonarlo hasta tres veces en un mismo producto.\u00a0 \u201c<strong>Es distorsivo<\/strong>\u201d, se\u00f1alaron.<\/p>\n<p><img loading=\"lazy\" decoding=\"async\" class=\"size-medium wp-image-15748 alignright\" src=\"https:\/\/www.visionweb.com.ar\/wp-content\/uploads\/2024\/09\/precios-300x138.png\" alt=\"\" width=\"300\" height=\"138\" srcset=\"https:\/\/www.visionweb.com.ar\/wp-content\/uploads\/2024\/09\/precios-300x138.png 300w, https:\/\/www.visionweb.com.ar\/wp-content\/uploads\/2024\/09\/precios.png 573w\" sizes=\"auto, (max-width: 300px) 100vw, 300px\" \/>Por otra parte, los distribuidores y mayoristas insistieron con la reforma laboral, al solicitar que el\u00a0<strong>Gobierno\u00a0<\/strong>de\u00a0<strong>Javier Milei\u00a0<\/strong>elimine el aporte obligatorio de los comercios al\u00a0<strong>Instituto Argentino de Capacitaci\u00f3n Profesional y Tecnol\u00f3gica para el Comercio<\/strong>\u00a0(<strong>INACAP<\/strong>), dado que volvieron a explicar que \u201cno representan ning\u00fan beneficio para el aportante y tampoco al trabajador que decide no capacitarse\u201d.<\/p>\n<p>Vale recordar que, la semana pasada la\u00a0<strong>CADAM\u00a0<\/strong>ya hab\u00eda anticipado que el aumento de las tasas municipales ser\u00eda trasladado al costo de los productos que los vecinos adquieren en la g\u00f3ndola, por lo que advirtieron que la inflaci\u00f3n tambi\u00e9n se ver\u00eda afectada y agregaron que en algunos casos se trata de al\u00edcuotas \u201cinjustificables\u201d.<\/p>\n<p>En esa l\u00ednea varios intendentes bonaerenses salieron a responderles a la\u00a0<strong>C\u00e1mara\u00a0<\/strong>y al\u00a0<strong>ministro de Econom\u00eda de la Naci\u00f3n<\/strong>,\u00a0<strong>Luis<\/strong>\u00a0<strong>Caputo<\/strong>, luego de que \u00e9ste fustigara contra la aplicaci\u00f3n de las tasas municipales y asegurara que deben tener una relaci\u00f3n directa con el servicio prestado. \u201c<strong>Carecen de prestaci\u00f3n efectiva y su monto es completamente exorbitante<\/strong>\u201d, asegur\u00f3 el funcionario.<\/p>\n<p>Entre los nombres que se escucharon pronunciar en contra de las declaraciones del\u00a0<strong>Ministro de Econom\u00eda<\/strong>, fueron los\u00a0<strong>intendentes bonaerenses<\/strong>\u00a0de\u00a0<strong>Uni\u00f3n por la Patria<\/strong>,\u00a0<strong>Mayra Mendoza<\/strong>\u00a0de\u00a0<strong>Quilmes<\/strong>,\u00a0<strong>Francisco Echarren<\/strong>\u00a0de\u00a0<strong>Castelli<\/strong>,\u00a0<strong>Mario Secco<\/strong>\u00a0de\u00a0<strong>Ensenada\u00a0<\/strong>y\u00a0<strong>Juli\u00e1n \u00c1lvarez<\/strong>\u00a0de\u00a0<strong>Lan\u00fas<\/strong>.<\/p>\n<p><strong>Diputado propone voltear las tasas municipales \u201cfantasmas\u201d<\/strong><\/p>\n<p>El\u00a0<strong>diputado bonaerense\u00a0<\/strong>del monobloque<strong>\u00a0Libre<\/strong>,\u00a0<a href=\"https:\/\/www.hcdiputados-ba.gov.ar\/index.php?page=diputado&amp;id=17982177\"><strong>Guillermo<\/strong>\u00a0<strong>Castello<\/strong><\/a>, present\u00f3 un proyecto d\u00edas atr\u00e1s, para modificar el art\u00edculo 227 de la\u00a0<strong>Ley Org\u00e1nica de las Municipalidades<\/strong>\u00a0para que los intendentes solo puedan cobrar tasas municipales cuando corresponda a \u201cuna correcta, efectiva e individualizada presentaci\u00f3n de un servicio referido a un bien o acto del contribuyente\u201d.<\/p>\n<p>En este sentido,\u00a0<strong>Castello\u00a0<\/strong>asegur\u00f3 que hay tasas municipales que son inconstitucionales y record\u00f3 el fallo judicial contra la al\u00edcuota vial que factura el\u00a0<strong>Ejecutivo\u00a0<\/strong>de\u00a0<strong>Guillermo Montenegro\u00a0<\/strong>en\u00a0<strong>Mar del Plata\u00a0<\/strong>desde febrero, en el que aplica una carga adicional del 1,86% sobre el combustible.<\/p>\n<p>Asimismo, la iniciativa de\u00a0<strong>Castello\u00a0<\/strong>apunta que las tasas municipales no podr\u00e1n tener similitudes con aquellas que son aplicadas por el\u00a0<strong>Gobierno nacional\u00a0<\/strong>ni el provincial, al tiempo que agreg\u00f3 que dicho concepto no pase a tener la naturaleza de un impuesto. \u201c<strong>Hay que poner coto a la voracidad fiscal de los numerosos intendentes bonaerenses<\/strong>\u201d, justific\u00f3 Castello. <strong>(VW)<\/strong><\/p>\n","protected":false},"excerpt":{"rendered":"<p>El estudio de la C\u00e1mara revel\u00f3 que el 49,1% del costo de un producto se compone de impuestos, y pidi\u00f3 que los\u00a0Gobiernos, incluidos los provinciales, adhieran al nuevo\u00a0R\u00e9gimen de Transparencia Fiscal al Consumidor. Propuso&#46;&#46;&#46;<\/p>\n","protected":false},"author":4,"featured_media":15747,"comment_status":"closed","ping_status":"closed","sticky":false,"template":"","format":"standard","meta":{"_monsterinsights_skip_tracking":false,"_monsterinsights_sitenote_active":false,"_monsterinsights_sitenote_note":"","_monsterinsights_sitenote_category":0,"footnotes":""},"categories":[6,4],"tags":[6672,6673,122],"class_list":["post-15746","post","type-post","status-publish","format-standard","has-post-thumbnail","hentry","category-economia","category-politica","tag-cadam","tag-impuestos-municipales","tag-informe"],"_links":{"self":[{"href":"https:\/\/www.visionweb.com.ar\/index.php?rest_route=\/wp\/v2\/posts\/15746","targetHints":{"allow":["GET"]}}],"collection":[{"href":"https:\/\/www.visionweb.com.ar\/index.php?rest_route=\/wp\/v2\/posts"}],"about":[{"href":"https:\/\/www.visionweb.com.ar\/index.php?rest_route=\/wp\/v2\/types\/post"}],"author":[{"embeddable":true,"href":"https:\/\/www.visionweb.com.ar\/index.php?rest_route=\/wp\/v2\/users\/4"}],"replies":[{"embeddable":true,"href":"https:\/\/www.visionweb.com.ar\/index.php?rest_route=%2Fwp%2Fv2%2Fcomments&post=15746"}],"version-history":[{"count":1,"href":"https:\/\/www.visionweb.com.ar\/index.php?rest_route=\/wp\/v2\/posts\/15746\/revisions"}],"predecessor-version":[{"id":15749,"href":"https:\/\/www.visionweb.com.ar\/index.php?rest_route=\/wp\/v2\/posts\/15746\/revisions\/15749"}],"wp:featuredmedia":[{"embeddable":true,"href":"https:\/\/www.visionweb.com.ar\/index.php?rest_route=\/wp\/v2\/media\/15747"}],"wp:attachment":[{"href":"https:\/\/www.visionweb.com.ar\/index.php?rest_route=%2Fwp%2Fv2%2Fmedia&parent=15746"}],"wp:term":[{"taxonomy":"category","embeddable":true,"href":"https:\/\/www.visionweb.com.ar\/index.php?rest_route=%2Fwp%2Fv2%2Fcategories&post=15746"},{"taxonomy":"post_tag","embeddable":true,"href":"https:\/\/www.visionweb.com.ar\/index.php?rest_route=%2Fwp%2Fv2%2Ftags&post=15746"}],"curies":[{"name":"wp","href":"https:\/\/api.w.org\/{rel}","templated":true}]}}