{"id":15744,"date":"2024-09-09T10:34:45","date_gmt":"2024-09-09T13:34:45","guid":{"rendered":"https:\/\/www.visionweb.com.ar\/?p=15744"},"modified":"2024-09-09T10:34:45","modified_gmt":"2024-09-09T13:34:45","slug":"el-indec-cambiaria-la-forma-de-medir-la-inflacion","status":"publish","type":"post","link":"https:\/\/www.visionweb.com.ar\/?p=15744","title":{"rendered":"El INDEC cambiar\u00eda la forma de medir la inflaci\u00f3n"},"content":{"rendered":"<p><em><strong>La nueva metodolog\u00eda para medir la inflaci\u00f3n comenzar\u00eda a aplicarse en noviembre. Aumentar\u00eda la cantidad de comercios informantes y tambi\u00e9n los precios a relevar.<\/strong><\/em><!--more--><\/p>\n<p><strong> <img loading=\"lazy\" decoding=\"async\" class=\"size-full wp-image-10503 alignright\" src=\"https:\/\/www.visionweb.com.ar\/wp-content\/uploads\/2023\/05\/Indec.png\" alt=\"\" width=\"300\" height=\"168\" \/>\u00a0\u00a0\u00a0 E<\/strong>l director del\u00a0<strong>Instituto Nacional de Estad\u00edstica y Censos<\/strong>\u00a0(<strong><a href=\"https:\/\/www.indec.gob.ar\/\">INDEC<\/a><\/strong>),\u00a0<strong>Marco Lavagna<\/strong>, confirm\u00f3 que antes de fin de a\u00f1o comenzar\u00e1 a aplicar una\u00a0<strong>nueva metodolog\u00eda para medir la inflaci\u00f3n<\/strong>, en la que regir\u00e1 una ampliaci\u00f3n de la cantidad de alimentos y bienes de consumo a relevar.<\/p>\n<p>Seg\u00fan precis\u00f3 <strong>Lavagna<\/strong> el \u00faltimo viernes, la entidad realiza actualmente las pruebas finales de un proceso que inici\u00f3 a principios de a\u00f1o, el cual se implementar\u00e1 en aproximadamente dos meses.\u00a0\u201cTenemos que tener mucho cuidado en cu\u00e1ndo hacemos los cambios para que esto\u00a0se entienda bien\u201d, puntualiz\u00f3.<\/p>\n<p>En ese sentido, la nueva metodolog\u00eda para medir la inflaci\u00f3n implicar\u00e1 un\u00a0<strong>cambio en la estructura de la muestra\u00a0<\/strong>y en la ponderaci\u00f3n de los bienes y servicios que se incluyen, en base a la actualizaci\u00f3n de Encuesta Nacional de Gastos de los Hogares (<strong>ENGHO<\/strong>) realizada en 2018.<\/p>\n<p>Cabe destacar que, el \u00edndice de Precios al Consumidor (<strong>IPC<\/strong>) del\u00a0<strong>INDEC\u00a0<\/strong>releva desde el 2004 un total de 320.000 precios en 16.700 comercios informantes. Con la nueva metodolog\u00eda que se implementar\u00e1 en noviembre, desde el INDEC precisaron que los relevamientos ascender\u00e1n a\u00a0500.000 precios de 24.000 informantes.<\/p>\n<p>En l\u00ednea con su anuncio sobre la nueva modalidad de medici\u00f3n de la inflaci\u00f3n,\u00a0<strong>Lavagna<\/strong>\u00a0detall\u00f3 el rol del\u00a0<strong>INDEC<\/strong>\u00a0en el nuevo Gobierno nacional, en el que asegur\u00f3 que la obligaci\u00f3n ser\u00e1 \u201casegurar c\u00f3mo se hacen las cosas\u201d para garantizar llevarle\u00a0\u201cconfianza a la gente\u201d.<\/p>\n<p>El pr\u00f3ximo 11 de septiembre, se conocer\u00e1 el \u00edndice de\u00a0<strong>inflaci\u00f3n\u00a0<\/strong>de agosto. El\u00a0\u00cdndice de Precios al Consumidor\u00a0de julio\u00a0fue de 4 %, mientras que el acumulado de los primeros siete meses del a\u00f1o alcanz\u00f3 el 87%.<\/p>\n<p>Cabe recordar, que a principios de semana, <strong>intendentes bonaerenses de Uni\u00f3n por la Patria de la Quinta secci\u00f3n electoral<\/strong>\u00a0cuestionaron a las autoridades del INDEC, por los resultados oficiales de\u00a0<strong>inflaci\u00f3n<\/strong>\u00a0\u201cno reflejan la realidad de lo que se vive a diario\u201d en sus municipios. (Ver nota: <a href=\"https:\/\/www.visionweb.com.ar\/?p=15677\">https:\/\/www.visionweb.com.ar\/?p=15677<\/a>).<\/p>\n<p>En ese sentido, hicieron referencia a \u201cla baja ponderaci\u00f3n\u201d que el instituto nacional presidido por\u00a0<strong>Marco Lavagna<\/strong>\u00a0le tiene los servicios de electricidad y gas para calcular el \u00edndice de\u00a0<strong>inflaci\u00f3n<\/strong>: \u201cLas estad\u00edsticas no reflejan la realidad de lo que se vive a diario\u201d, hab\u00edan advertido. <strong>(VW)<\/strong><\/p>\n<p>&nbsp;<\/p>\n","protected":false},"excerpt":{"rendered":"<p>La nueva metodolog\u00eda para medir la inflaci\u00f3n comenzar\u00eda a aplicarse en noviembre. Aumentar\u00eda la cantidad de comercios informantes y tambi\u00e9n los precios a relevar.<\/p>\n","protected":false},"author":4,"featured_media":10503,"comment_status":"closed","ping_status":"closed","sticky":false,"template":"","format":"standard","meta":{"_monsterinsights_skip_tracking":false,"_monsterinsights_sitenote_active":false,"_monsterinsights_sitenote_note":"","_monsterinsights_sitenote_category":0,"footnotes":""},"categories":[6,4],"tags":[6670,75,6671],"class_list":["post-15744","post","type-post","status-publish","format-standard","has-post-thumbnail","hentry","category-economia","category-politica","tag-cambios-en-las-mediciones","tag-indec","tag-marcos-lavagna"],"_links":{"self":[{"href":"https:\/\/www.visionweb.com.ar\/index.php?rest_route=\/wp\/v2\/posts\/15744","targetHints":{"allow":["GET"]}}],"collection":[{"href":"https:\/\/www.visionweb.com.ar\/index.php?rest_route=\/wp\/v2\/posts"}],"about":[{"href":"https:\/\/www.visionweb.com.ar\/index.php?rest_route=\/wp\/v2\/types\/post"}],"author":[{"embeddable":true,"href":"https:\/\/www.visionweb.com.ar\/index.php?rest_route=\/wp\/v2\/users\/4"}],"replies":[{"embeddable":true,"href":"https:\/\/www.visionweb.com.ar\/index.php?rest_route=%2Fwp%2Fv2%2Fcomments&post=15744"}],"version-history":[{"count":1,"href":"https:\/\/www.visionweb.com.ar\/index.php?rest_route=\/wp\/v2\/posts\/15744\/revisions"}],"predecessor-version":[{"id":15745,"href":"https:\/\/www.visionweb.com.ar\/index.php?rest_route=\/wp\/v2\/posts\/15744\/revisions\/15745"}],"wp:featuredmedia":[{"embeddable":true,"href":"https:\/\/www.visionweb.com.ar\/index.php?rest_route=\/wp\/v2\/media\/10503"}],"wp:attachment":[{"href":"https:\/\/www.visionweb.com.ar\/index.php?rest_route=%2Fwp%2Fv2%2Fmedia&parent=15744"}],"wp:term":[{"taxonomy":"category","embeddable":true,"href":"https:\/\/www.visionweb.com.ar\/index.php?rest_route=%2Fwp%2Fv2%2Fcategories&post=15744"},{"taxonomy":"post_tag","embeddable":true,"href":"https:\/\/www.visionweb.com.ar\/index.php?rest_route=%2Fwp%2Fv2%2Ftags&post=15744"}],"curies":[{"name":"wp","href":"https:\/\/api.w.org\/{rel}","templated":true}]}}