{"id":15741,"date":"2024-09-09T08:10:59","date_gmt":"2024-09-09T11:10:59","guid":{"rendered":"https:\/\/www.visionweb.com.ar\/?p=15741"},"modified":"2024-09-09T08:10:59","modified_gmt":"2024-09-09T11:10:59","slug":"smn-alerta-por-una-cortina-de-humo-producto-de-incendios-que-cubre-a-america-del-sur","status":"publish","type":"post","link":"https:\/\/www.visionweb.com.ar\/?p=15741","title":{"rendered":"SMN: Alerta por una cortina de humo producto de incendios que cubre a Am\u00e9rica del Sur"},"content":{"rendered":"<p><em><strong>La presencia de humo genera problemas en la calidad del aire, en la visibilidad al conducir y causa efectos en al\u00e9rgicos, asm\u00e1ticos y personas con enfermedades respiratorias cr\u00f3nicas.<\/strong><\/em><!--more--><\/p>\n<p><img loading=\"lazy\" decoding=\"async\" class=\"size-medium wp-image-15742 alignright\" src=\"https:\/\/www.visionweb.com.ar\/wp-content\/uploads\/2024\/09\/HUMO-300x169.png\" alt=\"\" width=\"300\" height=\"169\" srcset=\"https:\/\/www.visionweb.com.ar\/wp-content\/uploads\/2024\/09\/HUMO-300x169.png 300w, https:\/\/www.visionweb.com.ar\/wp-content\/uploads\/2024\/09\/HUMO.png 640w\" sizes=\"auto, (max-width: 300px) 100vw, 300px\" \/>El Servicio Meteorol\u00f3gico Nacional (SMN) emiti\u00f3 una\u00a0<strong>alerta violeta que alcanza a una decena de provincias argentinas por la llegada de humo<\/strong>\u00a0proveniente de los incendios forestales desatados en gran parte del Amazonas y Bolivia.<\/p>\n<p>El humo avanza hacia el centro del pa\u00eds por la direcci\u00f3n del viento y lleg\u00f3 al \u00c1rea Metropolitana de Buenos Aires (AMBA) en las \u00faltimas horas. Las provincias m\u00e1s afectadas, en principio, son Misiones, Corrientes, Formosa, Santiago del Estero y Chaco, as\u00ed como partes de Jujuy, Salta, Catamarca, Santa Fe y Tucum\u00e1n. Pero tambi\u00e9n C\u00f3rdoba, Entre R\u00edos y Buenos Aires sufrir\u00e1n los efectos del fen\u00f3meno durante los pr\u00f3ximos d\u00edas.<\/p>\n<p>La comunicadora Cindy Fern\u00e1ndez, portavoz del SMN, comparti\u00f3 en sus redes una imagen del humo que est\u00e1 cubriendo gran parte de Sudam\u00e9rica y advirti\u00f3 sobre el impacto en la regi\u00f3n. Adem\u00e1s, en un informe para el sitio\u00a0<a href=\"http:\/\/www.meteored.com.ar\/\">Meteored<\/a>\u00a0explic\u00f3 que \u201clos pron\u00f3sticos indican que las condiciones de humo se mantendr\u00e1n al menos hasta el pr\u00f3ximo mi\u00e9rcoles 11 de septiembre\u201d, ya que, en esa fecha, \u201cllegar\u00e1 un frente fr\u00edo desde el sur generar\u00e1 una rotaci\u00f3n del viento, que permitir\u00e1 el ingreso de aire m\u00e1s limpio desde la Patagonia a toda la regi\u00f3n\u201d.<\/p>\n<p>La presencia de humo genera problemas en la calidad del aire, en la visibilidad al conducir y causa efectos en al\u00e9rgicos, asm\u00e1ticos y personas con enfermedades respiratorias cr\u00f3nicas. Ante irritaci\u00f3n en los ojos, congesti\u00f3n nasal o bronquial, picaz\u00f3n en la garganta o tos seca, se aconseja recurrir al m\u00e9dico. En caso de contar con un tratamiento prescripto para momentos cr\u00edticos, se recomienda tener la medicaci\u00f3n al alcance.<\/p>\n<p>La Organizaci\u00f3n Mundial de la Salud (OMS) asegura que\u00a0<strong>la contaminaci\u00f3n del aire es uno de los mayores riesgos ambientales que existen para la salud.<\/strong> Mediante la disminuci\u00f3n de los niveles de contaminaci\u00f3n del aire los pa\u00edses pueden reducir la carga de morbilidad derivada de accidentes cerebrovasculares, cardiopat\u00edas, c\u00e1nceres de pulm\u00f3n y neumopat\u00edas cr\u00f3nicas y agudas, entre ellas el asma(VW\/DIB).<\/p>\n","protected":false},"excerpt":{"rendered":"<p>La presencia de humo genera problemas en la calidad del aire, en la visibilidad al conducir y causa efectos en al\u00e9rgicos, asm\u00e1ticos y personas con enfermedades respiratorias cr\u00f3nicas.<\/p>\n","protected":false},"author":3,"featured_media":15742,"comment_status":"closed","ping_status":"closed","sticky":false,"template":"","format":"standard","meta":{"_monsterinsights_skip_tracking":false,"_monsterinsights_sitenote_active":false,"_monsterinsights_sitenote_note":"","_monsterinsights_sitenote_category":0,"footnotes":""},"categories":[8],"tags":[6669,4086,536,1629],"class_list":["post-15741","post","type-post","status-publish","format-standard","has-post-thumbnail","hentry","category-interes-general","tag-alergias","tag-humo","tag-incendios","tag-smn"],"_links":{"self":[{"href":"https:\/\/www.visionweb.com.ar\/index.php?rest_route=\/wp\/v2\/posts\/15741","targetHints":{"allow":["GET"]}}],"collection":[{"href":"https:\/\/www.visionweb.com.ar\/index.php?rest_route=\/wp\/v2\/posts"}],"about":[{"href":"https:\/\/www.visionweb.com.ar\/index.php?rest_route=\/wp\/v2\/types\/post"}],"author":[{"embeddable":true,"href":"https:\/\/www.visionweb.com.ar\/index.php?rest_route=\/wp\/v2\/users\/3"}],"replies":[{"embeddable":true,"href":"https:\/\/www.visionweb.com.ar\/index.php?rest_route=%2Fwp%2Fv2%2Fcomments&post=15741"}],"version-history":[{"count":1,"href":"https:\/\/www.visionweb.com.ar\/index.php?rest_route=\/wp\/v2\/posts\/15741\/revisions"}],"predecessor-version":[{"id":15743,"href":"https:\/\/www.visionweb.com.ar\/index.php?rest_route=\/wp\/v2\/posts\/15741\/revisions\/15743"}],"wp:featuredmedia":[{"embeddable":true,"href":"https:\/\/www.visionweb.com.ar\/index.php?rest_route=\/wp\/v2\/media\/15742"}],"wp:attachment":[{"href":"https:\/\/www.visionweb.com.ar\/index.php?rest_route=%2Fwp%2Fv2%2Fmedia&parent=15741"}],"wp:term":[{"taxonomy":"category","embeddable":true,"href":"https:\/\/www.visionweb.com.ar\/index.php?rest_route=%2Fwp%2Fv2%2Fcategories&post=15741"},{"taxonomy":"post_tag","embeddable":true,"href":"https:\/\/www.visionweb.com.ar\/index.php?rest_route=%2Fwp%2Fv2%2Ftags&post=15741"}],"curies":[{"name":"wp","href":"https:\/\/api.w.org\/{rel}","templated":true}]}}