{"id":15738,"date":"2024-09-09T07:43:37","date_gmt":"2024-09-09T10:43:37","guid":{"rendered":"https:\/\/www.visionweb.com.ar\/?p=15738"},"modified":"2024-09-09T07:51:23","modified_gmt":"2024-09-09T10:51:23","slug":"hoy-se-celebra-el-dia-mundial-de-la-agricultura-y-del-productor-agropecuario","status":"publish","type":"post","link":"https:\/\/www.visionweb.com.ar\/?p=15738","title":{"rendered":"Hoy se celebra el \u00abD\u00eda mundial de la Agricultura y del Productor Agropecuario"},"content":{"rendered":"<p><em><strong>A mediados del siglo XIX, Argentina atravesaba un proceso de consolidaci\u00f3n nacional y expansi\u00f3n de su frontera agraria.<\/strong><\/em><!--more--><\/p>\n<div id=\"attachment_15739\" style=\"width: 310px\" class=\"wp-caption alignleft\"><img loading=\"lazy\" decoding=\"async\" aria-describedby=\"caption-attachment-15739\" class=\"wp-image-15739 size-medium\" src=\"https:\/\/www.visionweb.com.ar\/wp-content\/uploads\/2024\/09\/AGRICULTURA-Y-PRODUCCION-300x169.png\" alt=\"\" width=\"300\" height=\"169\" srcset=\"https:\/\/www.visionweb.com.ar\/wp-content\/uploads\/2024\/09\/AGRICULTURA-Y-PRODUCCION-300x169.png 300w, https:\/\/www.visionweb.com.ar\/wp-content\/uploads\/2024\/09\/AGRICULTURA-Y-PRODUCCION.png 640w\" sizes=\"auto, (max-width: 300px) 100vw, 300px\" \/><p id=\"caption-attachment-15739\" class=\"wp-caption-text\"><em><strong>La fecha tiene por objeto valorar el trabajo incansables de los productores agropecuarios (Foto: Presidencia de la Naci\u00f3n) <\/strong><\/em><\/p><\/div>\n<p>Cada 8 de septiembre se celebra en Argentina el D\u00eda de la Agricultura y del Productor Agropecuario en conmemoraci\u00f3n a la fundaci\u00f3n de la primera colonia agr\u00edcola del pa\u00eds en 1856 en la localidad de Esperanza, provincia de Santa Fe.<\/p>\n<p>Esta fecha, fue establecida el 28 de agosto de 1944 mediante el Decreto N\u00b023.317, tiene como objetivo reconocer y valorar el trabajo incansable de quienes dedican su vida a la producci\u00f3n agr\u00edcola, una de las actividades m\u00e1s relevantes para el desarrollo econ\u00f3mico, social y cultural del pa\u00eds.<\/p>\n<p>A mediados del siglo XIX, Argentina atravesaba un proceso de consolidaci\u00f3n nacional y expansi\u00f3n de su frontera agraria. El gobierno de\u00a0<a href=\"https:\/\/www.casarosada.gob.ar\/Link%20https:\/www.casarosada.gob.ar\/la-casa-rosada\/bustos-presidenciales\/50504-justo-jose-de-urquiza-1801-1870\" target=\"_blank\" rel=\"noopener\">Justo Jos\u00e9 de Urquiza<\/a>, presidente de la Confederaci\u00f3n Argentina en ese entonces, promov\u00eda una pol\u00edtica de apertura hacia la inmigraci\u00f3n europea, con el objetivo de poblar vastas tierras deshabitadas y poner en marcha una agricultura que sustentara el crecimiento del pa\u00eds.<\/p>\n<p>Fue el militar Don Aar\u00f3n Castellanos (1799-1880) -que hab\u00eda participado de las luchas por la independencia y hab\u00eda obtenido el grado de Teniente en el escuadr\u00f3n de los Infernales de\u00a0<a href=\"https:\/\/www.casarosada.gob.ar\/Link%20https:\/www.casarosada.gob.ar\/slider-principal\/50543-dia-nacional-de-la-libertad-latinoamericana-a-203-anos-del-paso-a-la-inmortalidad-de-martin-miguel-de-gueemes\" target=\"_blank\" rel=\"noopener\">Mart\u00edn Miguel de G\u00fcemes<\/a>, quien gestion\u00f3 la llegada de inmigrantes europeos, mayoritariamente suizos, alemanes y franceses, y tom\u00f3 la iniciativa de fundar Esperanza con el prop\u00f3sito de establecer una comunidad agr\u00edcola organizada.<\/p>\n<p>Con el paso de los a\u00f1os, estos pobladores lograron organizar una econom\u00eda agr\u00edcola s\u00f3lida basada en el cultivo de trigo, ma\u00edz y otros cereales, los cuales se convirtieron en los primeros productos de exportaci\u00f3n de la Argentina.<\/p>\n<p>Este modelo de colonizaci\u00f3n agr\u00edcola se replic\u00f3 luego en otras regiones del pa\u00eds, contribuyendo a la formaci\u00f3n de numerosas comunidades de inmigrantes que forjaron el perfil agroexportador de nuestro territorio.<\/p>\n<p>La fundaci\u00f3n de la Colonia Esperanza simboliza el inicio de la transformaci\u00f3n de Argentina en un pa\u00eds agr\u00edcola. Estos pioneros sentaron las bases para el desarrollo rural y la expansi\u00f3n productiva que caracterizar\u00edan al pa\u00eds en las d\u00e9cadas siguientes.<\/p>\n<p>La labor de los agricultores y productores agropecuarios es digna de reconocimiento ya que no solo contribuyen a la seguridad alimentaria del pa\u00eds, sino que tambi\u00e9n enfrentan desaf\u00edos clim\u00e1ticos, tecnol\u00f3gicos y de mercado.<\/p>\n<p>Este 8 de septiembre, celebramos y agradecemos a los agricultores y productores agropecuarios por su compromiso con la tierra, la producci\u00f3n de alimentos y el desarrollo sustentable de la Argentina<strong>(VW).<\/strong><\/p>\n","protected":false},"excerpt":{"rendered":"<p>A mediados del siglo XIX, Argentina atravesaba un proceso de consolidaci\u00f3n nacional y expansi\u00f3n de su frontera agraria.<\/p>\n","protected":false},"author":3,"featured_media":15739,"comment_status":"closed","ping_status":"closed","sticky":false,"template":"","format":"standard","meta":{"_monsterinsights_skip_tracking":false,"_monsterinsights_sitenote_active":false,"_monsterinsights_sitenote_note":"","_monsterinsights_sitenote_category":0,"footnotes":""},"categories":[7,8],"tags":[3568,6666,6668,6667,33],"class_list":["post-15738","post","type-post","status-publish","format-standard","has-post-thumbnail","hentry","category-educacion-y-cultura","category-interes-general","tag-agricultura","tag-esperanza","tag-europeos","tag-inmigrantes","tag-produccion"],"_links":{"self":[{"href":"https:\/\/www.visionweb.com.ar\/index.php?rest_route=\/wp\/v2\/posts\/15738","targetHints":{"allow":["GET"]}}],"collection":[{"href":"https:\/\/www.visionweb.com.ar\/index.php?rest_route=\/wp\/v2\/posts"}],"about":[{"href":"https:\/\/www.visionweb.com.ar\/index.php?rest_route=\/wp\/v2\/types\/post"}],"author":[{"embeddable":true,"href":"https:\/\/www.visionweb.com.ar\/index.php?rest_route=\/wp\/v2\/users\/3"}],"replies":[{"embeddable":true,"href":"https:\/\/www.visionweb.com.ar\/index.php?rest_route=%2Fwp%2Fv2%2Fcomments&post=15738"}],"version-history":[{"count":1,"href":"https:\/\/www.visionweb.com.ar\/index.php?rest_route=\/wp\/v2\/posts\/15738\/revisions"}],"predecessor-version":[{"id":15740,"href":"https:\/\/www.visionweb.com.ar\/index.php?rest_route=\/wp\/v2\/posts\/15738\/revisions\/15740"}],"wp:featuredmedia":[{"embeddable":true,"href":"https:\/\/www.visionweb.com.ar\/index.php?rest_route=\/wp\/v2\/media\/15739"}],"wp:attachment":[{"href":"https:\/\/www.visionweb.com.ar\/index.php?rest_route=%2Fwp%2Fv2%2Fmedia&parent=15738"}],"wp:term":[{"taxonomy":"category","embeddable":true,"href":"https:\/\/www.visionweb.com.ar\/index.php?rest_route=%2Fwp%2Fv2%2Fcategories&post=15738"},{"taxonomy":"post_tag","embeddable":true,"href":"https:\/\/www.visionweb.com.ar\/index.php?rest_route=%2Fwp%2Fv2%2Ftags&post=15738"}],"curies":[{"name":"wp","href":"https:\/\/api.w.org\/{rel}","templated":true}]}}