{"id":15718,"date":"2024-09-06T13:49:55","date_gmt":"2024-09-06T16:49:55","guid":{"rendered":"https:\/\/www.visionweb.com.ar\/?p=15718"},"modified":"2024-09-06T13:49:55","modified_gmt":"2024-09-06T16:49:55","slug":"lanus-gobierno-otorgo-nuevos-subsidios-a-centros-de-jubilados-y-pensionados","status":"publish","type":"post","link":"https:\/\/www.visionweb.com.ar\/?p=15718","title":{"rendered":"Lan\u00fas Gobierno otorg\u00f3 nuevos subsidios a Centros de Jubilados y Pensionados"},"content":{"rendered":"<p><em><strong>En el marco del Programa de Fortalecimiento de Centros de Jubilados, se realiz\u00f3 ayer un evento formal donde cada entidad recibi\u00f3 una tarjeta de d\u00e9bito institucional para realizar diversas adquisiciones dentro de la comuna.<\/strong><\/em><!--more--><\/p>\n<div id=\"attachment_15719\" style=\"width: 310px\" class=\"wp-caption alignright\"><img loading=\"lazy\" decoding=\"async\" aria-describedby=\"caption-attachment-15719\" class=\"wp-image-15719 size-medium\" src=\"https:\/\/www.visionweb.com.ar\/wp-content\/uploads\/2024\/09\/lanus-subsidios-ma-ester-300x262.jpg\" alt=\"\" width=\"300\" height=\"262\" srcset=\"https:\/\/www.visionweb.com.ar\/wp-content\/uploads\/2024\/09\/lanus-subsidios-ma-ester-300x262.jpg 300w, https:\/\/www.visionweb.com.ar\/wp-content\/uploads\/2024\/09\/lanus-subsidios-ma-ester.jpg 508w\" sizes=\"auto, (max-width: 300px) 100vw, 300px\" \/><p id=\"caption-attachment-15719\" class=\"wp-caption-text\">La emoci\u00f3n del reencuentro del Intendente en el evento, con la ex directora del Colegio Castro Barros. Foto de autor: Mar\u00eda Esther Pardo<\/p><\/div>\n<p><strong>Lan\u00fas Gobierno<\/strong> realiz\u00f3 en la tarde del jueves, la segunda entrega de <strong>subsidios a instituciones del distrito<\/strong>, en el marco del Programa de Fortalecimiento de Centros de Jubilados y Pensionados, que alcanza a un total de <strong>87 sedes activas<\/strong>, ya que en esta etapa se sumaron 36 entidades. La inversi\u00f3n anual es de 55 millones de pesos.<\/p>\n<p>\u201cQueremos seguir acompa\u00f1ando a las personas mayores de nuestro distrito y recuperar la vida de barrio. Por eso es muy importante para nuestra gesti\u00f3n <strong>reivindicar y fortalecer a las instituciones que construyeron la identidad de nuestra ciudad<\/strong>\u201d, dijo el intendente <strong>Juli\u00e1n \u00c1lvarez<\/strong>.<\/p>\n<p>Para efectuar esta ayuda econ\u00f3mica, <strong>cada centro recibi\u00f3 una tarjeta de d\u00e9bito institucional<\/strong> que podr\u00e1 utilizar para la realizaci\u00f3n de <strong>mejoras edilicias, arreglo de instalaciones o adquisici\u00f3n de equipamiento<\/strong>.<\/p>\n<p>A su vez, los centros deben efectuar una <strong>rendici\u00f3n trimestral del uso del dinero ante la Direcci\u00f3n General de Adultos Mayores, <\/strong>inform\u00f3 Prensa de la Comuna.<\/p>\n<div id=\"attachment_15720\" style=\"width: 310px\" class=\"wp-caption alignleft\"><img loading=\"lazy\" decoding=\"async\" aria-describedby=\"caption-attachment-15720\" class=\"wp-image-15720 size-medium\" src=\"https:\/\/www.visionweb.com.ar\/wp-content\/uploads\/2024\/09\/subsidio-centro-jubil-lanus-300x135.jpg\" alt=\"\" width=\"300\" height=\"135\" srcset=\"https:\/\/www.visionweb.com.ar\/wp-content\/uploads\/2024\/09\/subsidio-centro-jubil-lanus-300x135.jpg 300w, https:\/\/www.visionweb.com.ar\/wp-content\/uploads\/2024\/09\/subsidio-centro-jubil-lanus.jpg 741w\" sizes=\"auto, (max-width: 300px) 100vw, 300px\" \/><p id=\"caption-attachment-15720\" class=\"wp-caption-text\">Foto: Prensa de Lan\u00fas<\/p><\/div>\n<p>Otro de los requisitos obligatorios para disponer del subsidio consiste en la <strong>realizaci\u00f3n de compras en comercios de Lan\u00fas<\/strong>. De esta manera, el Municipio asiste y colabora en el fortalecimiento de esas entidades y estimula el consumo local.<\/p>\n<p>Durante la primera etapa del programa, el subsidio fue asignado a 51 clubes de jubilados quienes usaron los montos recibidos para la renovaci\u00f3n de mobiliario y arreglos de insumos, tales como computadoras, pavas el\u00e9ctricas, cafeteras, art\u00edculos de bazar o estufas. Adem\u00e1s, se adquirieron diversos materiales para la puesta en valor de los espacios f\u00edsicos. <strong>(VW)<\/strong><\/p>\n","protected":false},"excerpt":{"rendered":"<p>En el marco del Programa de Fortalecimiento de Centros de Jubilados, se realiz\u00f3 ayer un evento formal donde cada entidad recibi\u00f3 una tarjeta de d\u00e9bito institucional para realizar diversas adquisiciones dentro de la comuna.<\/p>\n","protected":false},"author":4,"featured_media":15719,"comment_status":"closed","ping_status":"closed","sticky":false,"template":"","format":"standard","meta":{"_monsterinsights_skip_tracking":false,"_monsterinsights_sitenote_active":false,"_monsterinsights_sitenote_note":"","_monsterinsights_sitenote_category":0,"footnotes":""},"categories":[4,5],"tags":[5342,6654],"class_list":["post-15718","post","type-post","status-publish","format-standard","has-post-thumbnail","hentry","category-politica","category-sociedad","tag-julian-alvarez","tag-subsidios-a-centros-de-jubilados"],"_links":{"self":[{"href":"https:\/\/www.visionweb.com.ar\/index.php?rest_route=\/wp\/v2\/posts\/15718","targetHints":{"allow":["GET"]}}],"collection":[{"href":"https:\/\/www.visionweb.com.ar\/index.php?rest_route=\/wp\/v2\/posts"}],"about":[{"href":"https:\/\/www.visionweb.com.ar\/index.php?rest_route=\/wp\/v2\/types\/post"}],"author":[{"embeddable":true,"href":"https:\/\/www.visionweb.com.ar\/index.php?rest_route=\/wp\/v2\/users\/4"}],"replies":[{"embeddable":true,"href":"https:\/\/www.visionweb.com.ar\/index.php?rest_route=%2Fwp%2Fv2%2Fcomments&post=15718"}],"version-history":[{"count":1,"href":"https:\/\/www.visionweb.com.ar\/index.php?rest_route=\/wp\/v2\/posts\/15718\/revisions"}],"predecessor-version":[{"id":15721,"href":"https:\/\/www.visionweb.com.ar\/index.php?rest_route=\/wp\/v2\/posts\/15718\/revisions\/15721"}],"wp:featuredmedia":[{"embeddable":true,"href":"https:\/\/www.visionweb.com.ar\/index.php?rest_route=\/wp\/v2\/media\/15719"}],"wp:attachment":[{"href":"https:\/\/www.visionweb.com.ar\/index.php?rest_route=%2Fwp%2Fv2%2Fmedia&parent=15718"}],"wp:term":[{"taxonomy":"category","embeddable":true,"href":"https:\/\/www.visionweb.com.ar\/index.php?rest_route=%2Fwp%2Fv2%2Fcategories&post=15718"},{"taxonomy":"post_tag","embeddable":true,"href":"https:\/\/www.visionweb.com.ar\/index.php?rest_route=%2Fwp%2Fv2%2Ftags&post=15718"}],"curies":[{"name":"wp","href":"https:\/\/api.w.org\/{rel}","templated":true}]}}