{"id":15714,"date":"2024-09-06T07:48:12","date_gmt":"2024-09-06T10:48:12","guid":{"rendered":"https:\/\/www.visionweb.com.ar\/?p=15714"},"modified":"2024-09-06T07:51:06","modified_gmt":"2024-09-06T10:51:06","slug":"becas-las-asignadas-al-programa-progresar-aumentaron-75","status":"publish","type":"post","link":"https:\/\/www.visionweb.com.ar\/?p=15714","title":{"rendered":"Becas: las asignadas al programa Progresar aumentaron 75%"},"content":{"rendered":"<p><em><strong>As\u00ed lo inform\u00f3 la Secretar\u00eda de Educaci\u00f3n del Ministerio de Capital Humano de Naci\u00f3n. Podr\u00e1n acceder a las becas las familias cuyos ingresos no superen el equivalente a tres salarios m\u00ednimo y vital.<\/strong><\/em>\u00a0 \u00a0 <!--more--><\/p>\n<p><img loading=\"lazy\" decoding=\"async\" class=\"size-medium wp-image-13720 alignleft\" src=\"https:\/\/www.visionweb.com.ar\/wp-content\/uploads\/2024\/02\/COMPRA-DE-UTILES-ESCOLARES-300x137.png\" alt=\"\" width=\"300\" height=\"137\" srcset=\"https:\/\/www.visionweb.com.ar\/wp-content\/uploads\/2024\/02\/COMPRA-DE-UTILES-ESCOLARES-300x137.png 300w, https:\/\/www.visionweb.com.ar\/wp-content\/uploads\/2024\/02\/COMPRA-DE-UTILES-ESCOLARES.png 640w\" sizes=\"auto, (max-width: 300px) 100vw, 300px\" \/>La Secretar\u00eda de Educaci\u00f3n del Ministerio de Capital Humano anunci\u00f3 un aumento en las Becas Progresar del 75%, por lo que este incentivo pasar\u00e1 a ser de 35.000 pesos. Se trata del programa de ese organismo que tiene como objetivo acompa\u00f1ar a los j\u00f3venes para finalizar la educaci\u00f3n obligatoria, estudiar en el nivel superior o formarse profesionalmente.<\/p>\n<p>La cartera comunic\u00f3 que se inicia el segundo periodo de inscripci\u00f3n desde el 5 al 30 de septiembre para las l\u00edneas Progresar Obligatorio y Progresar Superior. Asimismo, record\u00f3 que la convocatoria de la l\u00ednea de Progresar Trabajo contin\u00faa abierta hasta el 30 de noviembre, se\u00f1alaron desde la cartera oficial.<\/p>\n<h4>Requisitos<\/h4>\n<p>\u25aa\ufe0f Para Progresar Obligatorio, los estudiantes deben tener entre 16 y 24 a\u00f1os.<\/p>\n<p>\u25aa\ufe0f Para Progresar Superior, entre 17 y 24 o hasta 30 si est\u00e1n avanzados en la carrera (para Enfermer\u00eda no hay l\u00edmite de edad).<\/p>\n<p>\u25aa\ufe0f Quienes apliquen a Progresar Trabajo deben tener entre 18 y 24 a\u00f1os, con una ampliaci\u00f3n a 40 para quienes no poseen trabajo formal registrado.<\/p>\n<p>\u25aa\ufe0f En el nivel obligatorio la trayectoria no debe verse interrumpida: la asistencia a clase es monitoreada en tres certificaciones anuales, por lo que un registro negativo de presencialidad podr\u00eda significar la suspensi\u00f3n de la beca.<\/p>\n<p>\u25aa\ufe0f Los ingresos del grupo familiar de los aspirantes no deben superar tres veces el Salario M\u00ednimo Vital y M\u00f3vil vigente en Argentina.<\/p>\n<p>\u25aa\ufe0f Los becarios de Progresar Obligatorio de entre 16 y 18 a\u00f1os que est\u00e9n terminando el secundario deber\u00e1n hacer el Curso de Orientaci\u00f3n Vocacional y Laboral como requisito para el cobro de la totalidad de la beca. El curso es virtual y los estudiantes cuentan con cuatro semanas para completarlo.<\/p>\n<p>\u25aa\ufe0f Los estudiantes avanzados de nivel superior pasar\u00e1n de tener un requisito m\u00ednimo de 2 materias del a\u00f1o anterior aprobadas, a tener el 50% de las asignaturas del a\u00f1o anterior aprobadas.<\/p>\n<h4>Los pasos<\/h4>\n<p>Ingresar en la\u00a0<a href=\"https:\/\/www.argentina.gob.ar\/educacion\/progresar\">web de Progresar<\/a>\u00a0y elegir la l\u00ednea de beca. Si la persona ya est\u00e1 inscripta en a\u00f1os anteriores debe ingresar con su nombre de usuario o CUIL y contrase\u00f1a. Si no, debe crear un nuevo usuario.<\/p>\n<p>Completar usuario y contrase\u00f1a. Si es la primera vez que ingresa, crear un usuario nuevo.<\/p>\n<p>Debe cumplir con cuatro pasos:<\/p>\n<ol>\n<li>Datos personales: completar todos los campos solicitados y hacer clic en actualizar datos.<\/li>\n<li>Completar la informaci\u00f3n de la encuesta, que es de car\u00e1cter confidencial y no tiene incidencia en la adjudicaci\u00f3n de la beca. Quienes tengan alguna condici\u00f3n especial \u2013 discapacitados, refugiados \u2013 deber\u00e1n adjuntar documentaci\u00f3n que la avale. Hacer clic en finalizar.<\/li>\n<li>Elegir la l\u00ednea de beca correspondiente a nivel y edad. Aceptar los t\u00e9rminos y condiciones y hacer clic en finalizar formulario.<\/li>\n<li>Descargar el comprobante de inscripci\u00f3n y guardarlo<strong>(VW)<\/strong>.<\/li>\n<\/ol>\n","protected":false},"excerpt":{"rendered":"<p>As\u00ed lo inform\u00f3 la Secretar\u00eda de Educaci\u00f3n del Ministerio de Capital Humano de Naci\u00f3n. Podr\u00e1n acceder a las becas las familias cuyos ingresos no superen el equivalente a tres salarios m\u00ednimo y vital.\u00a0 \u00a0<\/p>\n","protected":false},"author":3,"featured_media":13720,"comment_status":"closed","ping_status":"closed","sticky":false,"template":"","format":"standard","meta":{"_monsterinsights_skip_tracking":false,"_monsterinsights_sitenote_active":false,"_monsterinsights_sitenote_note":"","_monsterinsights_sitenote_category":0,"footnotes":""},"categories":[7],"tags":[456,5982,850,6653],"class_list":["post-15714","post","type-post","status-publish","format-standard","has-post-thumbnail","hentry","category-educacion-y-cultura","tag-becas","tag-capital-humano","tag-inscripcion","tag-salarios-minimos"],"_links":{"self":[{"href":"https:\/\/www.visionweb.com.ar\/index.php?rest_route=\/wp\/v2\/posts\/15714","targetHints":{"allow":["GET"]}}],"collection":[{"href":"https:\/\/www.visionweb.com.ar\/index.php?rest_route=\/wp\/v2\/posts"}],"about":[{"href":"https:\/\/www.visionweb.com.ar\/index.php?rest_route=\/wp\/v2\/types\/post"}],"author":[{"embeddable":true,"href":"https:\/\/www.visionweb.com.ar\/index.php?rest_route=\/wp\/v2\/users\/3"}],"replies":[{"embeddable":true,"href":"https:\/\/www.visionweb.com.ar\/index.php?rest_route=%2Fwp%2Fv2%2Fcomments&post=15714"}],"version-history":[{"count":3,"href":"https:\/\/www.visionweb.com.ar\/index.php?rest_route=\/wp\/v2\/posts\/15714\/revisions"}],"predecessor-version":[{"id":15717,"href":"https:\/\/www.visionweb.com.ar\/index.php?rest_route=\/wp\/v2\/posts\/15714\/revisions\/15717"}],"wp:featuredmedia":[{"embeddable":true,"href":"https:\/\/www.visionweb.com.ar\/index.php?rest_route=\/wp\/v2\/media\/13720"}],"wp:attachment":[{"href":"https:\/\/www.visionweb.com.ar\/index.php?rest_route=%2Fwp%2Fv2%2Fmedia&parent=15714"}],"wp:term":[{"taxonomy":"category","embeddable":true,"href":"https:\/\/www.visionweb.com.ar\/index.php?rest_route=%2Fwp%2Fv2%2Fcategories&post=15714"},{"taxonomy":"post_tag","embeddable":true,"href":"https:\/\/www.visionweb.com.ar\/index.php?rest_route=%2Fwp%2Fv2%2Ftags&post=15714"}],"curies":[{"name":"wp","href":"https:\/\/api.w.org\/{rel}","templated":true}]}}