{"id":15711,"date":"2024-09-06T07:23:28","date_gmt":"2024-09-06T10:23:28","guid":{"rendered":"https:\/\/www.visionweb.com.ar\/?p=15711"},"modified":"2024-09-06T07:23:28","modified_gmt":"2024-09-06T10:23:28","slug":"seguridad-concejales-de-lanus-rechazan-un-pedido-de-informes-de-pro","status":"publish","type":"post","link":"https:\/\/www.visionweb.com.ar\/?p=15711","title":{"rendered":"Seguridad: Concejales de Lan\u00fas rechazan un pedido de informes de PRO"},"content":{"rendered":"<p><em><strong>Debi\u00f3 desempatar el Presidente del Concejo Deliberante, Agust\u00edn Balladares. En la 10\u00aa Sesi\u00f3n\u00a0tampoco aprob\u00f3 un proyecto en rechazo del veto presidencial a la ley de movilidad jubilatoria.<\/strong><\/em><!--more--><\/p>\n<p><img loading=\"lazy\" decoding=\"async\" class=\"size-medium wp-image-15712 alignright\" src=\"https:\/\/www.visionweb.com.ar\/wp-content\/uploads\/2024\/09\/hcd-lanus-sesion-10ma-300x200.png\" alt=\"\" width=\"300\" height=\"200\" srcset=\"https:\/\/www.visionweb.com.ar\/wp-content\/uploads\/2024\/09\/hcd-lanus-sesion-10ma-300x200.png 300w, https:\/\/www.visionweb.com.ar\/wp-content\/uploads\/2024\/09\/hcd-lanus-sesion-10ma.png 640w\" sizes=\"auto, (max-width: 300px) 100vw, 300px\" \/>El Concejo Deliberante de Lan\u00fas rechaz\u00f3 el pedido de informe sobre seguridad en el distrito que hab\u00eda presentado el bloque del PRO, tras el desempate con el voto del presidente de la C\u00e1mara, Agust\u00edn Balladares, durante la sesi\u00f3n ordinaria de este jueves.<\/p>\n<p>El concejal de la oposici\u00f3n, Guillero Bonafina, manifest\u00f3 que pese a ocho meses de gesti\u00f3n del intendente\u00a0 \u00a0Juli\u00e1n \u00c1lvarez a\u00fan no se conoce el plan para combatir la inseguridad en el municipio.<\/p>\n<p>\u201cB\u00e1sicamente, lo que queremos desde nuestro bloque es conocer cu\u00e1l es el plan, entre otras cosas, funciones espec\u00edficas del cuerpo de servicio de seguridad ciudadana, cu\u00e1l es el plan de prevenci\u00f3n de patrullaje, c\u00f3mo est\u00e1 funcionando el \u00e1rea de asistencia a la v\u00edctima\u201d, detall\u00f3.<\/p>\n<p>En tanto desde el bloque Uni\u00f3n por la Patria, la concejala Marcela Barberio, adelant\u00f3 el voto negativo de la bancada oficialista local ya que advirti\u00f3 que no permitir\u00e1n que \u201cdesde este tema tan sensible, grave\u201d se haga \u201cpolitiquer\u00eda barata\u201d y asegur\u00f3 que del tema se est\u00e1 encargando la gesti\u00f3n municipal desde su asunci\u00f3n.<\/p>\n<p>\u201cNuestra tarea y para lo que los vecinos nos han votado y han votado a nuestro intendente es para resolver, justamente, los temas m\u00e1s sensibles de nuestro pa\u00eds y de nuestro distrito como tambi\u00e9n es, en primer lugar, la inseguridad\u201d, expres\u00f3, y resalt\u00f3 que se trata de una problem\u00e1tica que no fue resuelta por el gobierno lanusense pasado de Juntos por el Cambio.<\/p>\n<p>En cuanto a La Libertad Avanza, la referente Mariana Ayesa manifest\u00f3 el acompa\u00f1amiento del bloque al pedido de informe y consider\u00f3 que el tema debe ser abordado por todas las fuerzas en conjunto, ya que afirm\u00f3 que es la preocupaci\u00f3n \u201cn\u00famero uno\u201d entre los vecinos.<\/p>\n<p>\u201cVamos a pasar esa grita que quieren generar entre esta gesti\u00f3n y la gesti\u00f3n anterior. Los vecinos piden seguridad, no importa qui\u00e9n est\u00e1 hoy en el Ejecutivo y qui\u00e9n estuvo en el Ejecutivo y qui\u00e9n lo hizo mejor. Por supuesto que lo vamos a acompa\u00f1ar, desde el bloque que venga\u201d, sostuvo.<\/p>\n<p>Desde el radicalismo apoyaron la iniciativa presentada por el PRO y quien tom\u00f3 la palabra fue el presidente del bloque, Emiliano Bursese:\u00bbLa inseguridad es una \u201cpreocupaci\u00f3n permanente\u201d y que \u201cno es un tema nuevo\u201d.<\/p>\n<p>En ese sentido, el edil propuso \u00abgenerar entre todas las fuerzas pol\u00edticas, algo serio entre todos. Generemos pol\u00edticas de Estado, trabajemos, nos van a encontrar a nosotros en lo que haga falta hacer\u201d, expres\u00f3.<\/p>\n<p>Sin apoyo<\/p>\n<p>Por otra, luego de votarse por la afirmativa de forma un\u00e1nime varios expedientes, se incluy\u00f3 un proyecto en rechazo del veto presidencial a la ley previsional, que no tuvo el apoyo de la mayor\u00eda de los ediles .<\/p>\n<p>Desde Uni\u00f3n por la Patria, el concejal V\u00edctor De Gennaro, sostuvo que el argumento del \u201cagujero fiscal\u201d del presidente Javier Milei es una \u201cexcusa\u201d y una \u201cinmoralidad\u201d.<\/p>\n<p>En esta l\u00ednea, record\u00f3 la aprobaci\u00f3n de la ley Bases, donde se sanciona un descuento de bienes personales, y afirm\u00f3 que el rechazo a la reforma jubilatoria \u201ces una decisi\u00f3n pol\u00edtica, perversa\u201d. \u201cEs una cuesti\u00f3n de humillar a los mayores\u201d, subray\u00f3.<\/p>\n<p>Por su parte la edil de\u00a0 LLA, Mariana Ayesa manifest\u00f3 que la marcha de los jubilados en contra del veto fue \u201cun fracaso\u201d. \u201cMuchos jubilados rejuvenecieron notablemente, habr\u00e1n visto que tienen 20, 30 a\u00f1os menos\u201d, remarc\u00f3.<\/p>\n<p>\u201cLes quiero recordar a muchos que en octubre del a\u00f1o 2010 la ex presidenta vet\u00f3 el 82 por ciento m\u00f3vil de los jubilados\u201d, mencion\u00f3, y a\u00f1adi\u00f3 que el Gobierno Nacional no \u201cnegocia\u201d el equilibrio fiscal.<strong>(VW)<\/strong><\/p>\n<p>&nbsp;<\/p>\n","protected":false},"excerpt":{"rendered":"<p>Debi\u00f3 desempatar el Presidente del Concejo Deliberante, Agust\u00edn Balladares. En la 10\u00aa Sesi\u00f3n\u00a0tampoco aprob\u00f3 un proyecto en rechazo del veto presidencial a la ley de movilidad jubilatoria.<\/p>\n","protected":false},"author":3,"featured_media":15712,"comment_status":"closed","ping_status":"closed","sticky":false,"template":"","format":"standard","meta":{"_monsterinsights_skip_tracking":false,"_monsterinsights_sitenote_active":false,"_monsterinsights_sitenote_note":"","_monsterinsights_sitenote_category":0,"footnotes":""},"categories":[4],"tags":[1071,6652,545,529,551],"class_list":["post-15711","post","type-post","status-publish","format-standard","has-post-thumbnail","hentry","category-politica","tag-balladares","tag-desempate","tag-pro","tag-seguridad","tag-ucr"],"_links":{"self":[{"href":"https:\/\/www.visionweb.com.ar\/index.php?rest_route=\/wp\/v2\/posts\/15711","targetHints":{"allow":["GET"]}}],"collection":[{"href":"https:\/\/www.visionweb.com.ar\/index.php?rest_route=\/wp\/v2\/posts"}],"about":[{"href":"https:\/\/www.visionweb.com.ar\/index.php?rest_route=\/wp\/v2\/types\/post"}],"author":[{"embeddable":true,"href":"https:\/\/www.visionweb.com.ar\/index.php?rest_route=\/wp\/v2\/users\/3"}],"replies":[{"embeddable":true,"href":"https:\/\/www.visionweb.com.ar\/index.php?rest_route=%2Fwp%2Fv2%2Fcomments&post=15711"}],"version-history":[{"count":1,"href":"https:\/\/www.visionweb.com.ar\/index.php?rest_route=\/wp\/v2\/posts\/15711\/revisions"}],"predecessor-version":[{"id":15713,"href":"https:\/\/www.visionweb.com.ar\/index.php?rest_route=\/wp\/v2\/posts\/15711\/revisions\/15713"}],"wp:featuredmedia":[{"embeddable":true,"href":"https:\/\/www.visionweb.com.ar\/index.php?rest_route=\/wp\/v2\/media\/15712"}],"wp:attachment":[{"href":"https:\/\/www.visionweb.com.ar\/index.php?rest_route=%2Fwp%2Fv2%2Fmedia&parent=15711"}],"wp:term":[{"taxonomy":"category","embeddable":true,"href":"https:\/\/www.visionweb.com.ar\/index.php?rest_route=%2Fwp%2Fv2%2Fcategories&post=15711"},{"taxonomy":"post_tag","embeddable":true,"href":"https:\/\/www.visionweb.com.ar\/index.php?rest_route=%2Fwp%2Fv2%2Ftags&post=15711"}],"curies":[{"name":"wp","href":"https:\/\/api.w.org\/{rel}","templated":true}]}}