{"id":15702,"date":"2024-09-05T11:28:46","date_gmt":"2024-09-05T14:28:46","guid":{"rendered":"https:\/\/www.visionweb.com.ar\/?p=15702"},"modified":"2024-09-05T11:28:46","modified_gmt":"2024-09-05T14:28:46","slug":"kicillof-presento-el-regimen-provincial-de-inversiones-estrategicas","status":"publish","type":"post","link":"https:\/\/www.visionweb.com.ar\/?p=15702","title":{"rendered":"Kicillof present\u00f3 el R\u00e9gimen Provincial de Inversiones Estrat\u00e9gicas"},"content":{"rendered":"<p><em><strong>Del encuentro tuvo lugar en la sede de la empresa Traverso Alerj\u00fa SA, en Ituzaing\u00f3 y reuni\u00f3 a empresarios y representantes de otros rubros.<\/strong><\/em><!--more--><\/p>\n<p><img loading=\"lazy\" decoding=\"async\" class=\"size-medium wp-image-15706 alignright\" src=\"https:\/\/www.visionweb.com.ar\/wp-content\/uploads\/2024\/09\/EMPRESARIOS-PYMES-300x214.png\" alt=\"\" width=\"300\" height=\"214\" srcset=\"https:\/\/www.visionweb.com.ar\/wp-content\/uploads\/2024\/09\/EMPRESARIOS-PYMES-300x214.png 300w, https:\/\/www.visionweb.com.ar\/wp-content\/uploads\/2024\/09\/EMPRESARIOS-PYMES.png 640w\" sizes=\"auto, (max-width: 300px) 100vw, 300px\" \/>En el marco de un encuentro con empresarios y representantes sindicales por el D\u00eda de la Industria, el gobernador Axel Kicillof present\u00f3 este lunes junto al ministro de Producci\u00f3n, Ciencia e Innovaci\u00f3n Tecnol\u00f3gica, Augusto Costa, el proyecto del R\u00e9gimen Provincial de Inversiones Estrat\u00e9gicas.<\/p>\n<p>\u201cEstamos anunciando un r\u00e9gimen de fomento para inversiones estrat\u00e9gicas que ya hemos comenzado a dialogar con la Legislatura provincial y que est\u00e1 en las ant\u00edpodas del RIGI que impulsa el Gobierno nacional\u201d, sostuvo Kicillof<\/p>\n<p>\u201cNo podemos aceptar que la \u00fanica forma de recibir inversiones sea la de primarizar, rifar los recursos naturales y no agregar valor. Por el contrario, este es un proyecto de desarrollo econ\u00f3mico e industrial\u201d, a\u00f1adi\u00f3 el Gobernador.<\/p>\n<p>El R\u00e9gimen Provincial de Inversiones Estrat\u00e9gicas busca promover las inversiones en l\u00ednea con los objetivos productivos de la Provincia: crear empleos de calidad y generar m\u00e1s valor agregado; desarrollar a proveedores locales; facilitar la transferencia de tecnolog\u00eda; impulsar las exportaciones y sustituir las importaciones; y reducir desequilibrios territoriales.<\/p>\n<p>En ese sentido, el Gobernador subray\u00f3 que \u201cel proyecto reconoce y acompa\u00f1a a quienes inviertan para generar m\u00e1s valor agregado y trabajo, e impulsen el desarrollo de proveedores locales y las exportaciones\u201d.<\/p>\n<p>\u201cNuestro compromiso es luchar contra las pol\u00edticas de desindustrializaci\u00f3n y plantearnos un futuro con m\u00e1s y mejor industria para la provincia de Buenos Aires y la Argentina\u201d, explic\u00f3 y concluy\u00f3: \u201cTenemos claro que no hay Naci\u00f3n sin industria: cuenten con la Provincia como red y como escudo frente a las pol\u00edticas del Gobierno nacional\u201d.<\/p>\n<p>Participaron de la presentacci\u00f3n la participaci\u00f3n de la vicegobernadora Ver\u00f3nica Magario; el intendente local, Pablo Descalzo; los ministros de Trabajo, Walter Correa; de Gobierno, Carlos Bianco; de Infraestructura y Servicios P\u00fablicos, Gabriel Katopodis; y de Desarrollo Agrario, Javier Rodr\u00edguez; el presidente del Banco Provincia, Juan Cuattromo; y el director ejecutivo de ARBA, Cristian Girard.<\/p>\n<p>En tanto, Costa sostuvo que \u00abeste nuevo r\u00e9gimen apunta a garantizar que las inversiones generen m\u00e1s desarrollo productivo, econ\u00f3mico y mejores condiciones de vida en todo el territorio bonaerense\u201d. \u201cDe la mano de un Estado provincial presente, queremos trabajar en conjunto con todas las empresas que apuestan por la producci\u00f3n y el trabajo\u00bb, a\u00f1adi\u00f3.<\/p>\n<p>Bajo la consigna \u201cEn defensa de la Industria Nacional\u201d, el encuentro tuvo lugar en la sede de la empresa Traverso Alerj\u00fa SA y reuni\u00f3 a empresarios y representantes de diversos rubros como: construcci\u00f3n; alimenticio; textil; automotriz; metalmec\u00e1nico; naval; petrolero; farmac\u00e9utico; y aquellos centrados en la producci\u00f3n de caucho; cuero; cer\u00e1mica; calzados; vidrio; y consumo masivo, entre otros.<\/p>\n<p>Por su parte, Correa sostuvo: \u201cEl ajuste del gobierno nacional lo estamos sintiendo en el mundo del trabajo y por supuesto tambi\u00e9n la Provincia, porque es el coraz\u00f3n productivo de la rep\u00fablica: ac\u00e1 tenemos el 50% de las cooperativas, de las grandes compa\u00f1\u00edas y de las PYMES\u201d.<\/p>\n<p>\u201cEs muy importante coincidir con el Gobierno bonaerense en que defender la industria nacional es defender la soberan\u00eda, el trabajo, la producci\u00f3n y el empleo: debemos seguir trabajando para consolidar la fuerza y el empuje de cada uno de los sectores\u201d, remarc\u00f3 Descalzo.<\/p>\n<p>Estuvieron presentes la jefa de Gabinete del Ministerio de Trabajo, Cecilia Cecchini; la subsecretaria de Industria, Pymes y Cooperativas, Mariela Bembi; sus pares de Desarrollo Comercial y Promoci\u00f3n de Inversiones, Ariel Aguilar; y de Asuntos Portuarios, Juan Cruz Lucero; la presidenta del FOGABA, Ver\u00f3nica Wejchenberg; y el dirigente Alberto Descalzo.<\/p>\n<p>Tambi\u00e9n participaron los presidentes del Consejo del Banco Nacional de Desarrollo Econ\u00f3mico y Social de Brasil, Rafael Lucchesi; de la Asociaci\u00f3n de Industriales Metal\u00fargicos de Argentina (ADIMRA), Elio del Re; de la Confederaci\u00f3n General Empresaria de la Rep\u00fablica Argentina (CGERA), Marcelo Fern\u00e1ndez.<\/p>\n<p>Adem\u00e1s asistieron los secretarios Generales de la Uni\u00f3n Obrera Metal\u00fargica (UOM), Abel Furl\u00e1n, del sindicato de Mec\u00e1nicos y Afines del Transporte Automotor (SMATA), Ricardo Pignanelli; de la Federaci\u00f3n Argentina de la Industria Maderera y Afines (FAIMA), Daniel Vier; del sindicato de textiles de la Argentina, Hugo Ben\u00edtez; del sindicato argentino de Obreros Navales y Servicios de la Industria Naval, Juan Speroni.<\/p>\n<p>Tambi\u00e9n estuvieron el secretario Adjunto de la Uni\u00f3n de Trabajadores de la Industria del Calzado (UTICRA), Horacio Jer\u00e9z; el gerente General de la C\u00e1mara Argentina de Proveedores de la Industria Petro-Energ\u00e9tica (CAPIPE), Sim\u00f3n Blengino; y los titulares de las empresas Alerj\u00fa S.A., Alberto Traverso; de Do\u00f1a Noly, Luis Mariani; y Bicontinentar, Juan Recce<strong>(VW)<\/strong>.<\/p>\n","protected":false},"excerpt":{"rendered":"<p>Del encuentro tuvo lugar en la sede de la empresa Traverso Alerj\u00fa SA, en Ituzaing\u00f3 y reuni\u00f3 a empresarios y representantes de otros rubros.<\/p>\n","protected":false},"author":3,"featured_media":15706,"comment_status":"closed","ping_status":"closed","sticky":false,"template":"","format":"standard","meta":{"_monsterinsights_skip_tracking":false,"_monsterinsights_sitenote_active":false,"_monsterinsights_sitenote_note":"","_monsterinsights_sitenote_category":0,"footnotes":""},"categories":[4,749],"tags":[1366,1663,1050],"class_list":["post-15702","post","type-post","status-publish","format-standard","has-post-thumbnail","hentry","category-politica","category-pymes","tag-arba","tag-inversiones","tag-regimen"],"_links":{"self":[{"href":"https:\/\/www.visionweb.com.ar\/index.php?rest_route=\/wp\/v2\/posts\/15702","targetHints":{"allow":["GET"]}}],"collection":[{"href":"https:\/\/www.visionweb.com.ar\/index.php?rest_route=\/wp\/v2\/posts"}],"about":[{"href":"https:\/\/www.visionweb.com.ar\/index.php?rest_route=\/wp\/v2\/types\/post"}],"author":[{"embeddable":true,"href":"https:\/\/www.visionweb.com.ar\/index.php?rest_route=\/wp\/v2\/users\/3"}],"replies":[{"embeddable":true,"href":"https:\/\/www.visionweb.com.ar\/index.php?rest_route=%2Fwp%2Fv2%2Fcomments&post=15702"}],"version-history":[{"count":2,"href":"https:\/\/www.visionweb.com.ar\/index.php?rest_route=\/wp\/v2\/posts\/15702\/revisions"}],"predecessor-version":[{"id":15707,"href":"https:\/\/www.visionweb.com.ar\/index.php?rest_route=\/wp\/v2\/posts\/15702\/revisions\/15707"}],"wp:featuredmedia":[{"embeddable":true,"href":"https:\/\/www.visionweb.com.ar\/index.php?rest_route=\/wp\/v2\/media\/15706"}],"wp:attachment":[{"href":"https:\/\/www.visionweb.com.ar\/index.php?rest_route=%2Fwp%2Fv2%2Fmedia&parent=15702"}],"wp:term":[{"taxonomy":"category","embeddable":true,"href":"https:\/\/www.visionweb.com.ar\/index.php?rest_route=%2Fwp%2Fv2%2Fcategories&post=15702"},{"taxonomy":"post_tag","embeddable":true,"href":"https:\/\/www.visionweb.com.ar\/index.php?rest_route=%2Fwp%2Fv2%2Ftags&post=15702"}],"curies":[{"name":"wp","href":"https:\/\/api.w.org\/{rel}","templated":true}]}}