{"id":15697,"date":"2024-09-05T10:09:19","date_gmt":"2024-09-05T13:09:19","guid":{"rendered":"https:\/\/www.visionweb.com.ar\/?p=15697"},"modified":"2024-09-05T10:09:19","modified_gmt":"2024-09-05T13:09:19","slug":"el-gobierno-anuncio-que-podria-modificar-el-decreto-que-restringe-el-acceso-a-la-informacion-publica","status":"publish","type":"post","link":"https:\/\/www.visionweb.com.ar\/?p=15697","title":{"rendered":"El Gobierno anunci\u00f3 que podr\u00eda modificar el decreto que restringe el acceso a la informaci\u00f3n p\u00fablica"},"content":{"rendered":"<p><em><strong>Ante la ola de cr\u00edticas, Francos afirm\u00f3 que la intenci\u00f3n del Gobierno no es limitar el acceso a la informaci\u00f3n, sino \u00abordenar su gesti\u00f3n ante la carga administrativa que genera\u00bb.<\/strong><\/em><!--more--><\/p>\n<div id=\"attachment_12812\" style=\"width: 310px\" class=\"wp-caption alignright\"><img loading=\"lazy\" decoding=\"async\" aria-describedby=\"caption-attachment-12812\" class=\"wp-image-12812 size-medium\" src=\"https:\/\/www.visionweb.com.ar\/wp-content\/uploads\/2023\/12\/milei-y-francos-300x199.png\" alt=\"\" width=\"300\" height=\"199\" srcset=\"https:\/\/www.visionweb.com.ar\/wp-content\/uploads\/2023\/12\/milei-y-francos-300x199.png 300w, https:\/\/www.visionweb.com.ar\/wp-content\/uploads\/2023\/12\/milei-y-francos.png 543w\" sizes=\"auto, (max-width: 300px) 100vw, 300px\" \/><p id=\"caption-attachment-12812\" class=\"wp-caption-text\">Foto de archivo<\/p><\/div>\n<p><strong>\u00a0\u00a0\u00a0\u00a0 \u00a0 E<\/strong>l jefe de <strong>Gabinete Guillermo Francos<\/strong>, anunci\u00f3 ayer en la C\u00e1mara de Diputados, que el Gobierno podr\u00eda <strong>contemplar modificaciones al decreto sobre el Acceso a la Informaci\u00f3n P\u00fablica<\/strong>, en respuesta a las objeciones planteadas por diputados de bloques dialoguistas como\u00a0<strong>Miguel Pichetto, Karina Banfi y Maximiliano Ferraro<\/strong>.<\/p>\n<p><strong>Francos\u00a0<\/strong>aclar\u00f3 que el objetivo del decreto no es limitar el acceso a la informaci\u00f3n, sino ordenar su gesti\u00f3n ante la carga administrativa que genera, y adelant\u00f3 que consultar\u00e1 al presidente para determinar si es necesario modificar o ajustar la normativa.<\/p>\n<p><strong>Francos\u00a0<\/strong>remarc\u00f3 que\u00a0no es intenci\u00f3n del Gobierno restringir este derecho constitucional, y recalc\u00f3 que la medida fue consultada con la Agencia de Acceso a la Informaci\u00f3n y la Procuraci\u00f3n del Tesoro. A la vez, defendi\u00f3 la importancia del principio de buena fe en la interpretaci\u00f3n de las normas y la protecci\u00f3n de datos. (Ver m\u00e1s info: <a href=\"https:\/\/www.visionweb.com.ar\/?p=15674\">https:\/\/www.visionweb.com.ar\/?p=15674<\/a>). <strong>(VW)<\/strong><\/p>\n<p>&nbsp;<\/p>\n","protected":false},"excerpt":{"rendered":"<p>Ante la ola de cr\u00edticas, Francos afirm\u00f3 que la intenci\u00f3n del Gobierno no es limitar el acceso a la informaci\u00f3n, sino \u00abordenar su gesti\u00f3n ante la carga administrativa que genera\u00bb.<\/p>\n","protected":false},"author":4,"featured_media":12812,"comment_status":"closed","ping_status":"closed","sticky":false,"template":"","format":"standard","meta":{"_monsterinsights_skip_tracking":false,"_monsterinsights_sitenote_active":false,"_monsterinsights_sitenote_note":"","_monsterinsights_sitenote_category":0,"footnotes":""},"categories":[4],"tags":[6637,500,5967],"class_list":["post-15697","post","type-post","status-publish","format-standard","has-post-thumbnail","hentry","category-politica","tag-acceso-a-la-informacion-publica","tag-decreto","tag-francos"],"_links":{"self":[{"href":"https:\/\/www.visionweb.com.ar\/index.php?rest_route=\/wp\/v2\/posts\/15697","targetHints":{"allow":["GET"]}}],"collection":[{"href":"https:\/\/www.visionweb.com.ar\/index.php?rest_route=\/wp\/v2\/posts"}],"about":[{"href":"https:\/\/www.visionweb.com.ar\/index.php?rest_route=\/wp\/v2\/types\/post"}],"author":[{"embeddable":true,"href":"https:\/\/www.visionweb.com.ar\/index.php?rest_route=\/wp\/v2\/users\/4"}],"replies":[{"embeddable":true,"href":"https:\/\/www.visionweb.com.ar\/index.php?rest_route=%2Fwp%2Fv2%2Fcomments&post=15697"}],"version-history":[{"count":1,"href":"https:\/\/www.visionweb.com.ar\/index.php?rest_route=\/wp\/v2\/posts\/15697\/revisions"}],"predecessor-version":[{"id":15698,"href":"https:\/\/www.visionweb.com.ar\/index.php?rest_route=\/wp\/v2\/posts\/15697\/revisions\/15698"}],"wp:featuredmedia":[{"embeddable":true,"href":"https:\/\/www.visionweb.com.ar\/index.php?rest_route=\/wp\/v2\/media\/12812"}],"wp:attachment":[{"href":"https:\/\/www.visionweb.com.ar\/index.php?rest_route=%2Fwp%2Fv2%2Fmedia&parent=15697"}],"wp:term":[{"taxonomy":"category","embeddable":true,"href":"https:\/\/www.visionweb.com.ar\/index.php?rest_route=%2Fwp%2Fv2%2Fcategories&post=15697"},{"taxonomy":"post_tag","embeddable":true,"href":"https:\/\/www.visionweb.com.ar\/index.php?rest_route=%2Fwp%2Fv2%2Ftags&post=15697"}],"curies":[{"name":"wp","href":"https:\/\/api.w.org\/{rel}","templated":true}]}}