{"id":15690,"date":"2024-09-04T12:00:34","date_gmt":"2024-09-04T15:00:34","guid":{"rendered":"https:\/\/www.visionweb.com.ar\/?p=15690"},"modified":"2024-09-04T12:00:49","modified_gmt":"2024-09-04T15:00:49","slug":"provincia-refuerza-la-lucha-contra-el-trabajo-infantil","status":"publish","type":"post","link":"https:\/\/www.visionweb.com.ar\/?p=15690","title":{"rendered":"Provincia refuerza la lucha contra el trabajo infantil"},"content":{"rendered":"<p><em><strong>Las actividades se llevaron a cabo en Mar del Plata, Villarino, Bah\u00eda Blanca y Carmen de Patagones, en el marco de la pol\u00edtica provincial de proteger a las infancias y juventudes.<\/strong><\/em><!--more--><\/p>\n<p><img loading=\"lazy\" decoding=\"async\" class=\"size-medium wp-image-13919 alignright\" src=\"https:\/\/www.visionweb.com.ar\/wp-content\/uploads\/2024\/03\/INFANCIA-POBREZA-300x200.png\" alt=\"\" width=\"300\" height=\"200\" srcset=\"https:\/\/www.visionweb.com.ar\/wp-content\/uploads\/2024\/03\/INFANCIA-POBREZA-300x200.png 300w, https:\/\/www.visionweb.com.ar\/wp-content\/uploads\/2024\/03\/INFANCIA-POBREZA.png 640w\" sizes=\"auto, (max-width: 300px) 100vw, 300px\" \/>Durante la \u00faltima semana el ministerio de Trabajo, a trav\u00e9s de la Comisi\u00f3n Provincial para la Prevenci\u00f3n y Erradicaci\u00f3n del Trabajo Infantil (COPRETI), realiz\u00f3 diferentes actividades en el sur de la provincia de Buenos Aires destinadas a fortalecer los abordajes integrales para la erradicaci\u00f3n del trabajo infantil y la protecci\u00f3n del trabajo adolescente.<\/p>\n<p>Con la participaci\u00f3n del secretario Ejecutivo, Nicol\u00e1s Vi\u00f1es, la COPRETI durante toda la semana llev\u00f3 adelante acciones en los distritos de Villarino, Bah\u00eda Blanca, Carmen de Patagones y Mar del Plata.<\/p>\n<p>Las actividades iniciaron en el Auditorio Municipal de Villarino, en la localidad de Pedro Luro, con la \u201cJornada de capacitaci\u00f3n sobre Trabajo Infantil para equipos vinculados a la Infancia y la Adolescencia\u201d de la que particip\u00f3 la secretaria de Desarrollo Social municipal, Luciana Semper Luciana, e integrantes de las Unidades de Desarrollo Infantil (UDIs) municipales y UDIs conveniadas con COPRETI.<\/p>\n<p>Tambi\u00e9n particip\u00f3 un equipos de Orientaci\u00f3n Escolar, Servicios Locales, el Servicio Zonal, \u201cPrograma Envi\u00f3n\u201d y la subdelegaci\u00f3n de Trabajo de Villarino, entre otros. M\u00e1s tarde, los integrantes de COPRETI, junto con autoridades del municipio, recorrieron los NODOS y las UDIS de la Comisi\u00f3n, y los Centros de Infancia conveniados. Por la tarde, en articulaci\u00f3n con la direcci\u00f3n de Juventudes del ministerio de Desarrollo de la Comunidad se acord\u00f3 la puesta en funcionamiento de un Centro Juvenil en Pedro Luro.<\/p>\n<p>La agenda continu\u00f3 en la sede de Bah\u00eda Blanca con una capacitaci\u00f3n al sector sindical sobre Trabajo Infantil y Trabajo adolescente protegido. La formaci\u00f3n, dirigida a representantes gremiales de las tres centrales sindicales, estuvo a cargo del secretario Ejecutivo de la COPRETI, la coordinadora de Unidad Sindical para la Erradicaci\u00f3n del Trabajo Infantil (CUSETI), Susana Santomingo, la operadora territorial de COPRETI, Claudia Boulocq, y la secretaria de investigaci\u00f3n de la CTA Aut\u00f3noma en Bah\u00eda Blanca, Bel\u00e9n Noceti. Por parte de la cartera laboral bonaerense asistieron el Coordinador de la Zona IX, Gustavo Ruiz D\u00edaz, y el Delegado Regional, Arturo Lucero.<\/p>\n<p>Luego se realiz\u00f3 una reuni\u00f3n de trabajo en el CAPS con la secretaria de Pol\u00edticas Sociales de Bah\u00eda Blanca, Romina Pires, la subsecretaria de Ni\u00f1ez del municipio, Yamila P\u00e9rez, y sindicatos de trabajadores del puerto para evaluar estrategias de abordaje de la problem\u00e1tica. En conjunto, los actores recorrieron la zona de Barrio El Saladero, en Ingeniero White, en donde se busca implementar un Proyecto Local, UDIs y el programa Buena Cosecha.<\/p>\n<p>Estas jornadas de trabajo profundizan el conocimiento de las particularidades del territorio para dise\u00f1ar, evaluar e implementar pol\u00edticas que posean un impacto sostenido en el abordaje de esta problem\u00e1tica.<\/p>\n<p>El equipo de la COPRETI, junto a la Delegaci\u00f3n Regional continuaron las actividades en Bah\u00eda Blanca con el \u201cForo Distrital de Trabajo Infantil y Trabajo Adolescente Protegido. Capacitaci\u00f3n sobre marco conceptual y normativo de la problem\u00e1tica\u201d que tuvo lugar en el Sal\u00f3n \u201cH\u00e9roes de Malvinas\u201d de la Municipalidad en el que participaron inspectoras de la direcci\u00f3n General de Cultura y Educaci\u00f3n, EOE, Servicios Locales, Servicio Zonal, UDIs, Salud y organizaciones de NNyA, autoridades de la Universidad Nacional del Sur, Responsabilidad Penal Juvenil, juzgados de Familia, sindicatos e integrantes del Consejo Local. En ese marco, se trabaj\u00f3 con un mapeo de la ciudad buscando definir zonas cr\u00edticas con alta influencia del Trabajo Infantil y Adolescente protegido<strong>(VW)<\/strong>.<\/p>\n<p>&nbsp;<\/p>\n","protected":false},"excerpt":{"rendered":"<p>Las actividades se llevaron a cabo en Mar del Plata, Villarino, Bah\u00eda Blanca y Carmen de Patagones, en el marco de la pol\u00edtica provincial de proteger a las infancias y juventudes.<\/p>\n","protected":false},"author":3,"featured_media":13919,"comment_status":"closed","ping_status":"closed","sticky":false,"template":"","format":"standard","meta":{"_monsterinsights_skip_tracking":false,"_monsterinsights_sitenote_active":false,"_monsterinsights_sitenote_note":"","_monsterinsights_sitenote_category":0,"footnotes":""},"categories":[1],"tags":[],"class_list":["post-15690","post","type-post","status-publish","format-standard","has-post-thumbnail","hentry","category-uncategorized"],"_links":{"self":[{"href":"https:\/\/www.visionweb.com.ar\/index.php?rest_route=\/wp\/v2\/posts\/15690","targetHints":{"allow":["GET"]}}],"collection":[{"href":"https:\/\/www.visionweb.com.ar\/index.php?rest_route=\/wp\/v2\/posts"}],"about":[{"href":"https:\/\/www.visionweb.com.ar\/index.php?rest_route=\/wp\/v2\/types\/post"}],"author":[{"embeddable":true,"href":"https:\/\/www.visionweb.com.ar\/index.php?rest_route=\/wp\/v2\/users\/3"}],"replies":[{"embeddable":true,"href":"https:\/\/www.visionweb.com.ar\/index.php?rest_route=%2Fwp%2Fv2%2Fcomments&post=15690"}],"version-history":[{"count":1,"href":"https:\/\/www.visionweb.com.ar\/index.php?rest_route=\/wp\/v2\/posts\/15690\/revisions"}],"predecessor-version":[{"id":15691,"href":"https:\/\/www.visionweb.com.ar\/index.php?rest_route=\/wp\/v2\/posts\/15690\/revisions\/15691"}],"wp:featuredmedia":[{"embeddable":true,"href":"https:\/\/www.visionweb.com.ar\/index.php?rest_route=\/wp\/v2\/media\/13919"}],"wp:attachment":[{"href":"https:\/\/www.visionweb.com.ar\/index.php?rest_route=%2Fwp%2Fv2%2Fmedia&parent=15690"}],"wp:term":[{"taxonomy":"category","embeddable":true,"href":"https:\/\/www.visionweb.com.ar\/index.php?rest_route=%2Fwp%2Fv2%2Fcategories&post=15690"},{"taxonomy":"post_tag","embeddable":true,"href":"https:\/\/www.visionweb.com.ar\/index.php?rest_route=%2Fwp%2Fv2%2Ftags&post=15690"}],"curies":[{"name":"wp","href":"https:\/\/api.w.org\/{rel}","templated":true}]}}