{"id":15687,"date":"2024-09-04T11:53:25","date_gmt":"2024-09-04T14:53:25","guid":{"rendered":"https:\/\/www.visionweb.com.ar\/?p=15687"},"modified":"2024-09-04T11:55:59","modified_gmt":"2024-09-04T14:55:59","slug":"en-la-unlz-rectores-pidieron-el-tratamiento-de-ley-de-financiamiento-universitario","status":"publish","type":"post","link":"https:\/\/www.visionweb.com.ar\/?p=15687","title":{"rendered":"En la UNLZ, rectores pidieron el tratamiento de Ley de financiamiento universitario"},"content":{"rendered":"<p><em><strong>La ley acordada por distintos sectores pol\u00edticos representa un enorme reconocimiento a la funci\u00f3n que cumplen las universidades nacionales para el desarrollo del pa\u00eds.<\/strong><\/em><!--more--><\/p>\n<p><img loading=\"lazy\" decoding=\"async\" class=\"size-medium wp-image-15688 alignright\" src=\"https:\/\/www.visionweb.com.ar\/wp-content\/uploads\/2024\/09\/FINACIAMIENTO-RECTORES-300x180.png\" alt=\"\" width=\"300\" height=\"180\" srcset=\"https:\/\/www.visionweb.com.ar\/wp-content\/uploads\/2024\/09\/FINACIAMIENTO-RECTORES-300x180.png 300w, https:\/\/www.visionweb.com.ar\/wp-content\/uploads\/2024\/09\/FINACIAMIENTO-RECTORES.png 640w\" sizes=\"auto, (max-width: 300px) 100vw, 300px\" \/>Rectores y vicerrectores de las universidades nacionales asentadas en la provincia de Buenos Aires se reunieron hoy en la\u00a0<strong>Universidad Nacional de Lomas de Zamora (UNLZ)<\/strong>\u00a0con los senadores nacionales por la Provincia y les solicitaron que aprueben la ley de financiamiento universitario que ya obtuvo media sanci\u00f3n en la C\u00e1mara de Diputados.<\/p>\n<p>Durante un encuentro que mantuvieron esta ma\u00f1ana en la Universidad Nacional de Lomas de Zamora, las autoridades universitarias agradecieron el compromiso de los senadores\u00a0<strong>Eduardo \u201cWado\u201d De Pedro<\/strong>,\u00a0<strong>Juliana Di Tullio y Maximiliano Abad<\/strong>\u00a0por su compromiso para que la C\u00e1mara Alta vote r\u00e1pidamente la ley.<\/p>\n<p>La ley acordada por distintos sectores pol\u00edticos representa un enorme reconocimiento a la funci\u00f3n que cumplen las universidades nacionales para el desarrollo del pa\u00eds y contempla el reclamo de la comunidad docente, nodocente, estudiantil y de la sociedad en general.<\/p>\n<p>El proyecto, que ya cuenta con la aprobaci\u00f3n de la C\u00e1mara de Diputados de la Naci\u00f3n, prev\u00e9 la actualizaci\u00f3n de gastos de funcionamiento, salarios y becas de las universidades nacionales de todo el pa\u00eds lo que otorga previsibilidad al sistema y resuelve los problemas econ\u00f3micos por los que atraviesa hoy el sistema universitario y cient\u00edfico.<\/p>\n<p>En la reuni\u00f3n, los rectores plantearon la necesidad de revertir con celeridad la cr\u00edtica y angustiante situaci\u00f3n salarial que atraviesan docentes y nodocentes de las universidades y recuperar la normalidad en el desarrollo de las actividades para que la universidad siga aportando a un pa\u00eds que, por sus problemas, necesita mucho de ella.<\/p>\n<p>Adem\u00e1s, recalcaron que todo el sistema universitario est\u00e1 unido en los reclamos y que para el desarrollo cient\u00edfico del pa\u00eds no s\u00f3lo es imprescindible financiar a las universidades sino potenciar su presupuesto.<\/p>\n<p>El sistema Universitario Argentino tiene prestigio en nuestra sociedad como pocos, tiene reconocimiento nacional e internacional por tener calidad, ser no arancelado, masivo, federal y permitir que millones de estudiantes puedan tener un progreso real en sus vidas.<\/p>\n<h2 class=\"wp-block-heading\">Participantes:<\/h2>\n<ul>\n<li>Rector de la Universidad Nacional de Lomas de Zamora, Diego Molea<\/li>\n<li>Rector de la Universidad Nacional de Avellaneda, Jorge Calzoni<\/li>\n<li>Rector de la Universidad Nacional de Quilmes, Alfredo Alfonso<\/li>\n<li>Rector de la Universidad Nacional de Lan\u00fas, Daniel Bozzoni<\/li>\n<li>Rectora la Universidad Nacional de General Sarmiento, Flavia Teriggi<\/li>\n<li>Rector de la Universidad Nacional de Moreno, Hugo Andrade<\/li>\n<li>Rector la Universidad Nacional del Oeste, Roberto Gallo<\/li>\n<li>Rectora la Universidad Nacional Scalabrini Ortiz, Adriana Lopez<\/li>\n<li>Rector de la Universidad Nacional de Mar del Plata, Carlos Lazaretti<\/li>\n<li>Rector de la Universidad Nacional del Centro, Marcelo Aba<\/li>\n<li>Rector de la Universidad Nacional del Sur, Daniel Vega<\/li>\n<li>Rector de la Universidad Nacional de La Plata, Mart\u00edn L\u00f3pez Armengol<\/li>\n<li>Rector de la Universidad Nacional de Hurlingham, Jaime Perczyk<\/li>\n<li>Rector de la Universidad Pedag\u00f3gica Nacional, Carlos Rodr\u00edguez<\/li>\n<li>Rector de la Universidad Nacional del Noroeste, Guillermo Tamarit<\/li>\n<li>Rector de la Universidad Nacional de San Antonio de Areco, Ger\u00f3nimo Ainchil<\/li>\n<li>Rector de la Universidad Nacional de Lujan, Walter Panessi<\/li>\n<li>Rector de la Universidad Nacional Arturo Jauretche, Arnaldo Medina<\/li>\n<li>Rector de la Universidad Nacional de San Mart\u00edn, Carlos Greco<\/li>\n<li>Rector la Universidad Nacional Guillermo Brown, Pablo Domenichini<\/li>\n<li>Rector de la Universidad Nacional de Jos\u00e9 C. Paz, Dar\u00edo Kusinsky<\/li>\n<li><strong>(VW)<\/strong><\/li>\n<\/ul>\n","protected":false},"excerpt":{"rendered":"<p>La ley acordada por distintos sectores pol\u00edticos representa un enorme reconocimiento a la funci\u00f3n que cumplen las universidades nacionales para el desarrollo del pa\u00eds.<\/p>\n","protected":false},"author":3,"featured_media":15688,"comment_status":"closed","ping_status":"closed","sticky":false,"template":"","format":"standard","meta":{"_monsterinsights_skip_tracking":false,"_monsterinsights_sitenote_active":false,"_monsterinsights_sitenote_note":"","_monsterinsights_sitenote_category":0,"footnotes":""},"categories":[7,4],"tags":[954,186,6647,2321],"class_list":["post-15687","post","type-post","status-publish","format-standard","has-post-thumbnail","hentry","category-educacion-y-cultura","category-politica","tag-financiamiento","tag-ley","tag-rectores","tag-unlz"],"_links":{"self":[{"href":"https:\/\/www.visionweb.com.ar\/index.php?rest_route=\/wp\/v2\/posts\/15687","targetHints":{"allow":["GET"]}}],"collection":[{"href":"https:\/\/www.visionweb.com.ar\/index.php?rest_route=\/wp\/v2\/posts"}],"about":[{"href":"https:\/\/www.visionweb.com.ar\/index.php?rest_route=\/wp\/v2\/types\/post"}],"author":[{"embeddable":true,"href":"https:\/\/www.visionweb.com.ar\/index.php?rest_route=\/wp\/v2\/users\/3"}],"replies":[{"embeddable":true,"href":"https:\/\/www.visionweb.com.ar\/index.php?rest_route=%2Fwp%2Fv2%2Fcomments&post=15687"}],"version-history":[{"count":1,"href":"https:\/\/www.visionweb.com.ar\/index.php?rest_route=\/wp\/v2\/posts\/15687\/revisions"}],"predecessor-version":[{"id":15689,"href":"https:\/\/www.visionweb.com.ar\/index.php?rest_route=\/wp\/v2\/posts\/15687\/revisions\/15689"}],"wp:featuredmedia":[{"embeddable":true,"href":"https:\/\/www.visionweb.com.ar\/index.php?rest_route=\/wp\/v2\/media\/15688"}],"wp:attachment":[{"href":"https:\/\/www.visionweb.com.ar\/index.php?rest_route=%2Fwp%2Fv2%2Fmedia&parent=15687"}],"wp:term":[{"taxonomy":"category","embeddable":true,"href":"https:\/\/www.visionweb.com.ar\/index.php?rest_route=%2Fwp%2Fv2%2Fcategories&post=15687"},{"taxonomy":"post_tag","embeddable":true,"href":"https:\/\/www.visionweb.com.ar\/index.php?rest_route=%2Fwp%2Fv2%2Ftags&post=15687"}],"curies":[{"name":"wp","href":"https:\/\/api.w.org\/{rel}","templated":true}]}}