{"id":15685,"date":"2024-09-04T11:38:49","date_gmt":"2024-09-04T14:38:49","guid":{"rendered":"https:\/\/www.visionweb.com.ar\/?p=15685"},"modified":"2024-09-04T11:38:49","modified_gmt":"2024-09-04T14:38:49","slug":"la-provincia-compro-500-mil-dosis-y-comienza-a-vacunar-para-prevenir-el-dengue-grave","status":"publish","type":"post","link":"https:\/\/www.visionweb.com.ar\/?p=15685","title":{"rendered":"La Provincia compr\u00f3 500 mil dosis y comienza a vacunar para prevenir el dengue grave"},"content":{"rendered":"<p><em><strong>Desde el Gobierno bonaerense advirtieron que ser\u00e1 una temporada epid\u00e9mica con mayor cantidad de casos graves por la circulaci\u00f3n de varios serotipos en simult\u00e1neo.<\/strong><\/em><!--more--><\/p>\n<p><img loading=\"lazy\" decoding=\"async\" class=\"size-medium wp-image-10128 alignright\" src=\"https:\/\/www.visionweb.com.ar\/wp-content\/uploads\/2023\/03\/dengue-300x150.jpg\" alt=\"\" width=\"300\" height=\"150\" srcset=\"https:\/\/www.visionweb.com.ar\/wp-content\/uploads\/2023\/03\/dengue-300x150.jpg 300w, https:\/\/www.visionweb.com.ar\/wp-content\/uploads\/2023\/03\/dengue.jpg 444w\" sizes=\"auto, (max-width: 300px) 100vw, 300px\" \/>El Gobierno bonaerense comenzar\u00e1 a vacunar contra el dengue a personas con riesgo de desarrollar s\u00edntomas graves, y lanz\u00f3 una fuerte campa\u00f1a para eliminar el mosquito transmisor ante lo que ser\u00e1 una temporada epid\u00e9mica r\u00e9cord, al tiempo que realizar\u00e1 un exhaustivo monitoreo de los casos, incrementar\u00e1 la producci\u00f3n de repelentes y distribuir\u00e1 otros insumos como larvicidas.<\/p>\n<p>En conferencia de prensa, el gobernador Axel Kicillof junto al ministro de Salud, Nicol\u00e1s Kreplak, informaron que la Provincia compr\u00f3 500 mil dosis de la inmunizaci\u00f3n al laboratorio Takeda y que la campa\u00f1a de vacunaci\u00f3n, que comenzar\u00e1 en octubre, estar\u00e1 destinada a aquellas personas que desarrollaron la enfermedad durante la temporada 2023-2024, que tienen entre 15 y 59 a\u00f1os y residencia en el AMBA. Una poblaci\u00f3n priorizada de 80 mil personas.<\/p>\n<p>No obstante, Kreplak admiti\u00f3 que hubo un \u201csubregistro\u201d por lo que a trav\u00e9s de la app Mi Salud Digital se habilitar\u00e1 una inscripci\u00f3n para quienes cumplan con los criterios mencionados y no reciban la convocatoria a vacunarse, por ejemplo, habitantes del interior bonaerense, donde tambi\u00e9n hubo municipios en brote, o quienes cursaron la enfermedad, pero no fueron registrados en los sistemas de informaci\u00f3n de la provincia.<\/p>\n<p>Cabe se\u00f1alar que la temporada pasada hubo m\u00e1s de 110 mil casos de la enfermedad y un total de 56 comunas en brote, es decir, con circulaci\u00f3n aut\u00f3ctona.<\/p>\n<p>Adem\u00e1s, se anunci\u00f3 que el IOMA cubrir\u00e1 el 30% del valor de la vacuna para todas las personas afiliadas que no sean parte de la poblaci\u00f3n priorizada a la que est\u00e1 destinada la vacuna. A partir de octubre, podr\u00e1n concurrir sin turno previo ni orden m\u00e9dica a cualquier farmacia de la red.<\/p>\n<p>Kreplak explic\u00f3 que este a\u00f1o habr\u00e1 mayor riesgo de dengue grave por la circulaci\u00f3n de varios serotipos en simult\u00e1neo. Hasta ahora, en territorio bonaerense solo se hab\u00edan reportado casos de DEN-1 y DEN-2, pero en la regi\u00f3n ya circulan adem\u00e1s el DEN-3 y DEN-4.<\/p>\n<p>Cabe mencionar que la circulaci\u00f3n simult\u00e1nea de m\u00e1s de un serotipo pone en riesgo a\u00fan m\u00e1s la salud de la poblaci\u00f3n. Es que la infecci\u00f3n por un serotipo, seguida por otra infecci\u00f3n con un serotipo diferente aumenta el riesgo de una persona de padecer dengue grave, lo que puede ser mortal.<\/p>\n<p>Por ese motivo, la campa\u00f1a de vacunaci\u00f3n de la provincia estar\u00e1 destinada a personas que ya tuvieron el virus. En ese sentido, el ministro explic\u00f3 que la vacuna es \u201ctotalmente segura\u201d, cuya aplicaci\u00f3n de dos dosis alcanz\u00f3 una reducci\u00f3n del 84% de las hospitalizaciones y una disminuci\u00f3n del 61% los casos de dengue sintom\u00e1tico, seg\u00fan el laboratorio Takeda.<strong>(VW)<\/strong><\/p>\n","protected":false},"excerpt":{"rendered":"<p>Desde el Gobierno bonaerense advirtieron que ser\u00e1 una temporada epid\u00e9mica con mayor cantidad de casos graves por la circulaci\u00f3n de varios serotipos en simult\u00e1neo.<\/p>\n","protected":false},"author":3,"featured_media":7043,"comment_status":"closed","ping_status":"closed","sticky":false,"template":"","format":"standard","meta":{"_monsterinsights_skip_tracking":false,"_monsterinsights_sitenote_active":false,"_monsterinsights_sitenote_note":"","_monsterinsights_sitenote_category":0,"footnotes":""},"categories":[8],"tags":[317,445,178],"class_list":["post-15685","post","type-post","status-publish","format-standard","has-post-thumbnail","hentry","category-interes-general","tag-dengue","tag-gobierno","tag-vacunas"],"_links":{"self":[{"href":"https:\/\/www.visionweb.com.ar\/index.php?rest_route=\/wp\/v2\/posts\/15685","targetHints":{"allow":["GET"]}}],"collection":[{"href":"https:\/\/www.visionweb.com.ar\/index.php?rest_route=\/wp\/v2\/posts"}],"about":[{"href":"https:\/\/www.visionweb.com.ar\/index.php?rest_route=\/wp\/v2\/types\/post"}],"author":[{"embeddable":true,"href":"https:\/\/www.visionweb.com.ar\/index.php?rest_route=\/wp\/v2\/users\/3"}],"replies":[{"embeddable":true,"href":"https:\/\/www.visionweb.com.ar\/index.php?rest_route=%2Fwp%2Fv2%2Fcomments&post=15685"}],"version-history":[{"count":1,"href":"https:\/\/www.visionweb.com.ar\/index.php?rest_route=\/wp\/v2\/posts\/15685\/revisions"}],"predecessor-version":[{"id":15686,"href":"https:\/\/www.visionweb.com.ar\/index.php?rest_route=\/wp\/v2\/posts\/15685\/revisions\/15686"}],"wp:featuredmedia":[{"embeddable":true,"href":"https:\/\/www.visionweb.com.ar\/index.php?rest_route=\/wp\/v2\/media\/7043"}],"wp:attachment":[{"href":"https:\/\/www.visionweb.com.ar\/index.php?rest_route=%2Fwp%2Fv2%2Fmedia&parent=15685"}],"wp:term":[{"taxonomy":"category","embeddable":true,"href":"https:\/\/www.visionweb.com.ar\/index.php?rest_route=%2Fwp%2Fv2%2Fcategories&post=15685"},{"taxonomy":"post_tag","embeddable":true,"href":"https:\/\/www.visionweb.com.ar\/index.php?rest_route=%2Fwp%2Fv2%2Ftags&post=15685"}],"curies":[{"name":"wp","href":"https:\/\/api.w.org\/{rel}","templated":true}]}}